{"id":5499,"date":"2024-10-16T16:12:05","date_gmt":"2024-10-16T14:12:05","guid":{"rendered":"https:\/\/agora.xtec.cat\/instarragona\/?p=5499"},"modified":"2024-10-16T16:12:51","modified_gmt":"2024-10-16T14:12:51","slug":"els-projectes-al-centre","status":"publish","type":"post","link":"https:\/\/agora.xtec.cat\/instarragona\/eso\/els-projectes-al-centre\/","title":{"rendered":"Els projectes al centre"},"content":{"rendered":"<p>L&#8217;institut Tarragona organitza treball per projectes a tota l&#8217;ESO. Segons el trimestre, els projectes s\u00f3n m\u00e9s del caire cient\u00edfico-t\u00e8cnic, lingu\u00efstic o social-art\u00edstic.<\/p>\n<p>Durant aquest trimestre els alumnes de 1r d&#8217;ESO han comen\u00e7at pel projecte ling\u00fc\u00edstic i ara fa uns dies van gaudir d&#8217;una visita a la ciutat. Preneu nota!<\/p>\n<table style=\"border-collapse: collapse; width: 100%;\">\n<tbody>\n<tr>\n<td style=\"width: 33.3333%;\"><img loading=\"lazy\" decoding=\"async\" class=\"aligncenter size-full wp-image-5500\" src=\"https:\/\/agora.xtec.cat\/instarragona\/wp-content\/uploads\/usu484\/2024\/10\/Captura-de-pantalla-2024-10-16-160217.png\" alt=\"\" width=\"505\" height=\"684\" srcset=\"https:\/\/agora.xtec.cat\/instarragona\/wp-content\/uploads\/usu484\/2024\/10\/Captura-de-pantalla-2024-10-16-160217.png 505w, https:\/\/agora.xtec.cat\/instarragona\/wp-content\/uploads\/usu484\/2024\/10\/Captura-de-pantalla-2024-10-16-160217-221x300.png 221w\" sizes=\"auto, (max-width: 505px) 100vw, 505px\" \/><\/td>\n<td style=\"width: 33.3333%;\"><img loading=\"lazy\" decoding=\"async\" class=\"aligncenter size-full wp-image-5501\" src=\"https:\/\/agora.xtec.cat\/instarragona\/wp-content\/uploads\/usu484\/2024\/10\/Captura-de-pantalla-2024-10-16-160153.png\" alt=\"\" width=\"928\" height=\"664\" srcset=\"https:\/\/agora.xtec.cat\/instarragona\/wp-content\/uploads\/usu484\/2024\/10\/Captura-de-pantalla-2024-10-16-160153.png 928w, https:\/\/agora.xtec.cat\/instarragona\/wp-content\/uploads\/usu484\/2024\/10\/Captura-de-pantalla-2024-10-16-160153-300x215.png 300w, https:\/\/agora.xtec.cat\/instarragona\/wp-content\/uploads\/usu484\/2024\/10\/Captura-de-pantalla-2024-10-16-160153-768x550.png 768w\" sizes=\"auto, (max-width: 928px) 100vw, 928px\" \/><\/td>\n<td style=\"width: 33.3333%;\"><img loading=\"lazy\" decoding=\"async\" class=\"aligncenter size-full wp-image-5502\" src=\"https:\/\/agora.xtec.cat\/instarragona\/wp-content\/uploads\/usu484\/2024\/10\/Captura-de-pantalla-2024-10-16-160234.png\" alt=\"\" width=\"499\" height=\"673\" srcset=\"https:\/\/agora.xtec.cat\/instarragona\/wp-content\/uploads\/usu484\/2024\/10\/Captura-de-pantalla-2024-10-16-160234.png 499w, https:\/\/agora.xtec.cat\/instarragona\/wp-content\/uploads\/usu484\/2024\/10\/Captura-de-pantalla-2024-10-16-160234-222x300.png 222w\" sizes=\"auto, (max-width: 499px) 100vw, 499px\" \/><\/td>\n<\/tr>\n<\/tbody>\n<\/table>\n<p>&nbsp;<\/p>\n","protected":false},"excerpt":{"rendered":"<p>L&#8217;institut Tarragona organitza treball per projectes a tota l&#8217;ESO. Segons el trimestre, els projectes s\u00f3n m\u00e9s del caire cient\u00edfico-t\u00e8cnic, lingu\u00efstic o social-art\u00edstic.<br \/>\nDurant aquest trimestre els alumnes de 1r d&#8217;ESO han comen\u00e7at pel projecte ling\u00fc\u00edstic i ara fa uns dies van gaudir d&#8217;una visita a la&hellip;  <a href=\"https:\/\/agora.xtec.cat\/instarragona\/eso\/els-projectes-al-centre\/\" title=\"Read Els projectes al centre\">Llegeix m\u00e9s\u00bb<\/a><\/p>\n","protected":false},"author":1,"featured_media":5501,"comment_status":"open","ping_status":"closed","sticky":false,"template":"","format":"standard","meta":{"_bbp_topic_count":0,"_bbp_reply_count":0,"_bbp_total_topic_count":0,"_bbp_total_reply_count":0,"_bbp_voice_count":0,"_bbp_anonymous_reply_count":0,"_bbp_topic_count_hidden":0,"_bbp_reply_count_hidden":0,"_bbp_forum_subforum_count":0,"footnotes":""},"categories":[3,29],"tags":[137],"class_list":["post-5499","post","type-post","status-publish","format-standard","has-post-thumbnail","hentry","category-eso","category-portada","tag-llengues"],"post_mailing_queue_ids":[],"_links":{"self":[{"href":"https:\/\/agora.xtec.cat\/instarragona\/wp-json\/wp\/v2\/posts\/5499","targetHints":{"allow":["GET"]}}],"collection":[{"href":"https:\/\/agora.xtec.cat\/instarragona\/wp-json\/wp\/v2\/posts"}],"about":[{"href":"https:\/\/agora.xtec.cat\/instarragona\/wp-json\/wp\/v2\/types\/post"}],"author":[{"embeddable":true,"href":"https:\/\/agora.xtec.cat\/instarragona\/wp-json\/wp\/v2\/users\/1"}],"replies":[{"embeddable":true,"href":"https:\/\/agora.xtec.cat\/instarragona\/wp-json\/wp\/v2\/comments?post=5499"}],"version-history":[{"count":2,"href":"https:\/\/agora.xtec.cat\/instarragona\/wp-json\/wp\/v2\/posts\/5499\/revisions"}],"predecessor-version":[{"id":5504,"href":"https:\/\/agora.xtec.cat\/instarragona\/wp-json\/wp\/v2\/posts\/5499\/revisions\/5504"}],"wp:featuredmedia":[{"embeddable":true,"href":"https:\/\/agora.xtec.cat\/instarragona\/wp-json\/wp\/v2\/media\/5501"}],"wp:attachment":[{"href":"https:\/\/agora.xtec.cat\/instarragona\/wp-json\/wp\/v2\/media?parent=5499"}],"wp:term":[{"taxonomy":"category","embeddable":true,"href":"https:\/\/agora.xtec.cat\/instarragona\/wp-json\/wp\/v2\/categories?post=5499"},{"taxonomy":"post_tag","embeddable":true,"href":"https:\/\/agora.xtec.cat\/instarragona\/wp-json\/wp\/v2\/tags?post=5499"}],"curies":[{"name":"wp","href":"https:\/\/api.w.org\/{rel}","templated":true}]}}