{"id":5486,"date":"2024-10-01T13:01:23","date_gmt":"2024-10-01T11:01:23","guid":{"rendered":"https:\/\/agora.xtec.cat\/instarragona\/?p=5486"},"modified":"2024-10-01T13:03:48","modified_gmt":"2024-10-01T11:03:48","slug":"el-monstre-del-laberint","status":"publish","type":"post","link":"https:\/\/agora.xtec.cat\/instarragona\/eso\/el-monstre-del-laberint\/","title":{"rendered":"&#8220;El monstre del laberint&#8221;"},"content":{"rendered":"<p>Ja podem dir que \u00e9s una realitat! Engeguem el projecte \u201c<strong><a href=\"https:\/\/www.liceubarcelona.cat\/ca\/el-monstre-al-laberint\" target=\"_blank\" rel=\"noopener\">El Monstre al laberint<\/a><\/strong>\u201d .<\/p>\n<p>Aquesta \u00f2pera, organitzada des del Gran Teatre del Liceu,<i> \u00e9s <\/i>una creaci\u00f3 col\u00b7lectiva en qu\u00e8 centenars de joves de diversos instituts comparteixen escenari amb professionals de la m\u00fasica i les arts esc\u00e8niques.<\/p>\n<p>Aquesta obra \u00e9s de Jonathan Dove i s\u2019inspira en el mite cl\u00e0ssic de Teseu i el minotaure.<\/p>\n<p><img loading=\"lazy\" decoding=\"async\" class=\"aligncenter size-full wp-image-5487\" src=\"https:\/\/agora.xtec.cat\/instarragona\/wp-content\/uploads\/usu484\/2024\/10\/Captura-de-pantalla-2024-10-01-130002.png\" alt=\"\" width=\"278\" height=\"472\" srcset=\"https:\/\/agora.xtec.cat\/instarragona\/wp-content\/uploads\/usu484\/2024\/10\/Captura-de-pantalla-2024-10-01-130002.png 278w, https:\/\/agora.xtec.cat\/instarragona\/wp-content\/uploads\/usu484\/2024\/10\/Captura-de-pantalla-2024-10-01-130002-177x300.png 177w\" sizes=\"auto, (max-width: 278px) 100vw, 278px\" \/><\/p>\n","protected":false},"excerpt":{"rendered":"<p>Ja podem dir que \u00e9s una realitat! Engeguem el projecte \u201c<a href=\"https:\/\/www.liceubarcelona.cat\/ca\/el-monstre-al-laberint\" target=\"_blank\" rel=\"noopener\">El Monstre al laberint<\/a>\u201d .<br \/>\nAquesta \u00f2pera, organitzada des del Gran Teatre del Liceu, \u00e9s una creaci\u00f3 col\u00b7lectiva en qu\u00e8 centenars de joves de diversos instituts comparteixen escenari amb professionals de la m\u00fasica&hellip;  <a href=\"https:\/\/agora.xtec.cat\/instarragona\/eso\/el-monstre-del-laberint\/\" title=\"Read &#8220;El monstre del laberint&#8221;\">Llegeix m\u00e9s\u00bb<\/a><\/p>\n","protected":false},"author":1,"featured_media":5489,"comment_status":"open","ping_status":"closed","sticky":false,"template":"","format":"standard","meta":{"_bbp_topic_count":0,"_bbp_reply_count":0,"_bbp_total_topic_count":0,"_bbp_total_reply_count":0,"_bbp_voice_count":0,"_bbp_anonymous_reply_count":0,"_bbp_topic_count_hidden":0,"_bbp_reply_count_hidden":0,"_bbp_forum_subforum_count":0,"footnotes":""},"categories":[3,29],"tags":[111,40],"class_list":["post-5486","post","type-post","status-publish","format-standard","has-post-thumbnail","hentry","category-eso","category-portada","tag-musica","tag-teatre"],"post_mailing_queue_ids":[],"_links":{"self":[{"href":"https:\/\/agora.xtec.cat\/instarragona\/wp-json\/wp\/v2\/posts\/5486","targetHints":{"allow":["GET"]}}],"collection":[{"href":"https:\/\/agora.xtec.cat\/instarragona\/wp-json\/wp\/v2\/posts"}],"about":[{"href":"https:\/\/agora.xtec.cat\/instarragona\/wp-json\/wp\/v2\/types\/post"}],"author":[{"embeddable":true,"href":"https:\/\/agora.xtec.cat\/instarragona\/wp-json\/wp\/v2\/users\/1"}],"replies":[{"embeddable":true,"href":"https:\/\/agora.xtec.cat\/instarragona\/wp-json\/wp\/v2\/comments?post=5486"}],"version-history":[{"count":1,"href":"https:\/\/agora.xtec.cat\/instarragona\/wp-json\/wp\/v2\/posts\/5486\/revisions"}],"predecessor-version":[{"id":5488,"href":"https:\/\/agora.xtec.cat\/instarragona\/wp-json\/wp\/v2\/posts\/5486\/revisions\/5488"}],"wp:featuredmedia":[{"embeddable":true,"href":"https:\/\/agora.xtec.cat\/instarragona\/wp-json\/wp\/v2\/media\/5489"}],"wp:attachment":[{"href":"https:\/\/agora.xtec.cat\/instarragona\/wp-json\/wp\/v2\/media?parent=5486"}],"wp:term":[{"taxonomy":"category","embeddable":true,"href":"https:\/\/agora.xtec.cat\/instarragona\/wp-json\/wp\/v2\/categories?post=5486"},{"taxonomy":"post_tag","embeddable":true,"href":"https:\/\/agora.xtec.cat\/instarragona\/wp-json\/wp\/v2\/tags?post=5486"}],"curies":[{"name":"wp","href":"https:\/\/api.w.org\/{rel}","templated":true}]}}