{"id":5480,"date":"2024-10-01T12:55:05","date_gmt":"2024-10-01T10:55:05","guid":{"rendered":"https:\/\/agora.xtec.cat\/instarragona\/?p=5480"},"modified":"2024-10-01T12:55:36","modified_gmt":"2024-10-01T10:55:36","slug":"1r-deso-marxa-de-convivencies-2","status":"publish","type":"post","link":"https:\/\/agora.xtec.cat\/instarragona\/eso\/eso-1\/1r-deso-marxa-de-convivencies-2\/","title":{"rendered":"1r d&#8217;ESO marxa de conviv\u00e8ncies"},"content":{"rendered":"<p>Anar a Tamarit amb els companys de 1r d&#8217;ESO a passar uns dies de conviv\u00e8ncia ha estat una idea magn\u00edfica!\u00a0Ens hem conegut una mica m\u00e9s, hem rigut molt i les activitats han estat d&#8217;all\u00f2 m\u00e9s encertades. Ara mateix ja podem encarrilar el curs amb garanties. Endavant!<\/p>\n<table style=\"border-collapse: collapse; width: 100%;\">\n<tbody>\n<tr>\n<td style=\"width: 50%;\"><img loading=\"lazy\" decoding=\"async\" class=\"aligncenter wp-image-5481\" src=\"https:\/\/agora.xtec.cat\/instarragona\/wp-content\/uploads\/usu484\/2024\/10\/cap3.png\" alt=\"\" width=\"401\" height=\"287\" srcset=\"https:\/\/agora.xtec.cat\/instarragona\/wp-content\/uploads\/usu484\/2024\/10\/cap3.png 660w, https:\/\/agora.xtec.cat\/instarragona\/wp-content\/uploads\/usu484\/2024\/10\/cap3-300x215.png 300w\" sizes=\"auto, (max-width: 401px) 100vw, 401px\" \/><\/td>\n<td style=\"width: 50%;\"><img loading=\"lazy\" decoding=\"async\" class=\"aligncenter wp-image-5482\" src=\"https:\/\/agora.xtec.cat\/instarragona\/wp-content\/uploads\/usu484\/2024\/10\/Captura-de-pantalla-2024-10-01-125054.png\" alt=\"\" width=\"378\" height=\"287\" srcset=\"https:\/\/agora.xtec.cat\/instarragona\/wp-content\/uploads\/usu484\/2024\/10\/Captura-de-pantalla-2024-10-01-125054.png 667w, https:\/\/agora.xtec.cat\/instarragona\/wp-content\/uploads\/usu484\/2024\/10\/Captura-de-pantalla-2024-10-01-125054-300x228.png 300w\" sizes=\"auto, (max-width: 378px) 100vw, 378px\" \/><\/td>\n<\/tr>\n<\/tbody>\n<\/table>\n<table style=\"border-collapse: collapse; width: 100%;\">\n<tbody>\n<tr>\n<td style=\"width: 100%;\"><img loading=\"lazy\" decoding=\"async\" class=\"aligncenter size-full wp-image-5483\" src=\"https:\/\/agora.xtec.cat\/instarragona\/wp-content\/uploads\/usu484\/2024\/10\/ca2.png\" alt=\"\" width=\"875\" height=\"487\" srcset=\"https:\/\/agora.xtec.cat\/instarragona\/wp-content\/uploads\/usu484\/2024\/10\/ca2.png 875w, https:\/\/agora.xtec.cat\/instarragona\/wp-content\/uploads\/usu484\/2024\/10\/ca2-300x167.png 300w, https:\/\/agora.xtec.cat\/instarragona\/wp-content\/uploads\/usu484\/2024\/10\/ca2-768x427.png 768w\" sizes=\"auto, (max-width: 875px) 100vw, 875px\" \/><\/td>\n<\/tr>\n<\/tbody>\n<\/table>\n<p>M\u00e9s imatges <strong><a href=\"https:\/\/drive.google.com\/drive\/folders\/10AJjXzQoqTIXJY8poBgcqywJXCbrY6X6?usp=sharing\" target=\"_blank\" rel=\"noopener\">aqu\u00ed<\/a><\/strong> mateix.<\/p>\n<p>&nbsp;<\/p>\n","protected":false},"excerpt":{"rendered":"<p>Anar a Tamarit amb els companys de 1r d&#8217;ESO a passar uns dies de conviv\u00e8ncia ha estat una idea magn\u00edfica!\u00a0Ens hem conegut una mica m\u00e9s, hem rigut molt i les activitats han estat d&#8217;all\u00f2 m\u00e9s encertades. Ara mateix ja podem encarrilar el curs amb garanties.&hellip;  <a href=\"https:\/\/agora.xtec.cat\/instarragona\/eso\/eso-1\/1r-deso-marxa-de-convivencies-2\/\" title=\"Read 1r d&#8217;ESO marxa de conviv\u00e8ncies\">Llegeix m\u00e9s\u00bb<\/a><\/p>\n","protected":false},"author":1,"featured_media":5482,"comment_status":"open","ping_status":"closed","sticky":false,"template":"","format":"standard","meta":{"_bbp_topic_count":0,"_bbp_reply_count":0,"_bbp_total_topic_count":0,"_bbp_total_reply_count":0,"_bbp_voice_count":0,"_bbp_anonymous_reply_count":0,"_bbp_topic_count_hidden":0,"_bbp_reply_count_hidden":0,"_bbp_forum_subforum_count":0,"footnotes":""},"categories":[4,29],"tags":[39],"class_list":["post-5480","post","type-post","status-publish","format-standard","has-post-thumbnail","hentry","category-eso-1","category-portada","tag-sortides"],"post_mailing_queue_ids":[],"_links":{"self":[{"href":"https:\/\/agora.xtec.cat\/instarragona\/wp-json\/wp\/v2\/posts\/5480","targetHints":{"allow":["GET"]}}],"collection":[{"href":"https:\/\/agora.xtec.cat\/instarragona\/wp-json\/wp\/v2\/posts"}],"about":[{"href":"https:\/\/agora.xtec.cat\/instarragona\/wp-json\/wp\/v2\/types\/post"}],"author":[{"embeddable":true,"href":"https:\/\/agora.xtec.cat\/instarragona\/wp-json\/wp\/v2\/users\/1"}],"replies":[{"embeddable":true,"href":"https:\/\/agora.xtec.cat\/instarragona\/wp-json\/wp\/v2\/comments?post=5480"}],"version-history":[{"count":1,"href":"https:\/\/agora.xtec.cat\/instarragona\/wp-json\/wp\/v2\/posts\/5480\/revisions"}],"predecessor-version":[{"id":5484,"href":"https:\/\/agora.xtec.cat\/instarragona\/wp-json\/wp\/v2\/posts\/5480\/revisions\/5484"}],"wp:featuredmedia":[{"embeddable":true,"href":"https:\/\/agora.xtec.cat\/instarragona\/wp-json\/wp\/v2\/media\/5482"}],"wp:attachment":[{"href":"https:\/\/agora.xtec.cat\/instarragona\/wp-json\/wp\/v2\/media?parent=5480"}],"wp:term":[{"taxonomy":"category","embeddable":true,"href":"https:\/\/agora.xtec.cat\/instarragona\/wp-json\/wp\/v2\/categories?post=5480"},{"taxonomy":"post_tag","embeddable":true,"href":"https:\/\/agora.xtec.cat\/instarragona\/wp-json\/wp\/v2\/tags?post=5480"}],"curies":[{"name":"wp","href":"https:\/\/api.w.org\/{rel}","templated":true}]}}