{"id":5476,"date":"2024-09-27T11:33:31","date_gmt":"2024-09-27T09:33:31","guid":{"rendered":"https:\/\/agora.xtec.cat\/instarragona\/?p=5476"},"modified":"2024-09-27T11:33:31","modified_gmt":"2024-09-27T09:33:31","slug":"per-santa-tecla-toca-versots","status":"publish","type":"post","link":"https:\/\/agora.xtec.cat\/instarragona\/eso\/per-santa-tecla-toca-versots\/","title":{"rendered":"Per Santa Tecla toca versots!"},"content":{"rendered":"<p><span style=\"color: #0b5394;\">Els alumnes de 4t d\u2019ESO participen en el VI Concurs de Versots \u201cSanta Tecla als Instituts\u201d, organitzat per l\u2019APELLC.<\/span><\/p>\n<p><span style=\"color: #0b5394;\">Hem rebut la visita de l\u2019Anna Llad\u00f3, que els ha explicat les caracter\u00edstiques b\u00e0siques del Ball de Pastorets i els ha ensenyat com preparen els versots de festa major. Durant el taller tamb\u00e9 ha donat suport als alumnes en la creaci\u00f3 de composicions per al concurs.\u00a0<\/span><span style=\"color: #0b5394;\">L\u2019activitat ha servit per con\u00e8ixer la tradici\u00f3 dels balls parlats i gaudir de les festes dins l\u2019aula. Molta sort a tots els participants i visca Santa Tecla!<\/span><\/p>\n<p><img loading=\"lazy\" decoding=\"async\" class=\"aligncenter size-full wp-image-5477\" src=\"https:\/\/agora.xtec.cat\/instarragona\/wp-content\/uploads\/usu484\/2024\/09\/2.jpg\" alt=\"\" width=\"659\" height=\"591\" srcset=\"https:\/\/agora.xtec.cat\/instarragona\/wp-content\/uploads\/usu484\/2024\/09\/2.jpg 659w, https:\/\/agora.xtec.cat\/instarragona\/wp-content\/uploads\/usu484\/2024\/09\/2-300x269.jpg 300w\" sizes=\"auto, (max-width: 659px) 100vw, 659px\" \/><\/p>\n<p>&nbsp;<\/p>\n<p><img loading=\"lazy\" decoding=\"async\" class=\"aligncenter size-full wp-image-5478\" src=\"https:\/\/agora.xtec.cat\/instarragona\/wp-content\/uploads\/usu484\/2024\/09\/Captura-1.jpg\" alt=\"\" width=\"667\" height=\"573\" srcset=\"https:\/\/agora.xtec.cat\/instarragona\/wp-content\/uploads\/usu484\/2024\/09\/Captura-1.jpg 667w, https:\/\/agora.xtec.cat\/instarragona\/wp-content\/uploads\/usu484\/2024\/09\/Captura-1-300x258.jpg 300w\" sizes=\"auto, (max-width: 667px) 100vw, 667px\" \/><\/p>\n","protected":false},"excerpt":{"rendered":"<p>Els alumnes de 4t d\u2019ESO participen en el VI Concurs de Versots \u201cSanta Tecla als Instituts\u201d, organitzat per l\u2019APELLC.<br \/>\nHem rebut la visita de l\u2019Anna Llad\u00f3, que els ha explicat les caracter\u00edstiques b\u00e0siques del Ball de Pastorets i els ha ensenyat com preparen els versots de&hellip;  <a href=\"https:\/\/agora.xtec.cat\/instarragona\/eso\/per-santa-tecla-toca-versots\/\" title=\"Read Per Santa Tecla toca versots!\">Llegeix m\u00e9s\u00bb<\/a><\/p>\n","protected":false},"author":1,"featured_media":5477,"comment_status":"open","ping_status":"closed","sticky":false,"template":"","format":"standard","meta":{"_bbp_topic_count":0,"_bbp_reply_count":0,"_bbp_total_topic_count":0,"_bbp_total_reply_count":0,"_bbp_voice_count":0,"_bbp_anonymous_reply_count":0,"_bbp_topic_count_hidden":0,"_bbp_reply_count_hidden":0,"_bbp_forum_subforum_count":0,"footnotes":""},"categories":[3,29],"tags":[119,58],"class_list":["post-5476","post","type-post","status-publish","format-standard","has-post-thumbnail","hentry","category-eso","category-portada","tag-catala","tag-tallers"],"post_mailing_queue_ids":[],"_links":{"self":[{"href":"https:\/\/agora.xtec.cat\/instarragona\/wp-json\/wp\/v2\/posts\/5476","targetHints":{"allow":["GET"]}}],"collection":[{"href":"https:\/\/agora.xtec.cat\/instarragona\/wp-json\/wp\/v2\/posts"}],"about":[{"href":"https:\/\/agora.xtec.cat\/instarragona\/wp-json\/wp\/v2\/types\/post"}],"author":[{"embeddable":true,"href":"https:\/\/agora.xtec.cat\/instarragona\/wp-json\/wp\/v2\/users\/1"}],"replies":[{"embeddable":true,"href":"https:\/\/agora.xtec.cat\/instarragona\/wp-json\/wp\/v2\/comments?post=5476"}],"version-history":[{"count":1,"href":"https:\/\/agora.xtec.cat\/instarragona\/wp-json\/wp\/v2\/posts\/5476\/revisions"}],"predecessor-version":[{"id":5479,"href":"https:\/\/agora.xtec.cat\/instarragona\/wp-json\/wp\/v2\/posts\/5476\/revisions\/5479"}],"wp:featuredmedia":[{"embeddable":true,"href":"https:\/\/agora.xtec.cat\/instarragona\/wp-json\/wp\/v2\/media\/5477"}],"wp:attachment":[{"href":"https:\/\/agora.xtec.cat\/instarragona\/wp-json\/wp\/v2\/media?parent=5476"}],"wp:term":[{"taxonomy":"category","embeddable":true,"href":"https:\/\/agora.xtec.cat\/instarragona\/wp-json\/wp\/v2\/categories?post=5476"},{"taxonomy":"post_tag","embeddable":true,"href":"https:\/\/agora.xtec.cat\/instarragona\/wp-json\/wp\/v2\/tags?post=5476"}],"curies":[{"name":"wp","href":"https:\/\/api.w.org\/{rel}","templated":true}]}}