{"id":5462,"date":"2024-09-20T08:56:34","date_gmt":"2024-09-20T06:56:34","guid":{"rendered":"https:\/\/agora.xtec.cat\/instarragona\/?p=5462"},"modified":"2024-09-24T13:06:21","modified_gmt":"2024-09-24T11:06:21","slug":"problemes-amb-la-contrasenya-instarragona-cat","status":"publish","type":"post","link":"https:\/\/agora.xtec.cat\/instarragona\/general\/problemes-amb-la-contrasenya-instarragona-cat\/","title":{"rendered":"Problemes amb la contrasenya instarragona?"},"content":{"rendered":"<p>Despr\u00e9s de l&#8217;estiu has desconnectat i molt, oi? Arriba el curs nou i vols canviar la contrasenya del teu compte perqu\u00e8 tens veritables problemes per recordar-la?\u00a0Si la teva contrasenya \u00e9s massa llarga, complicada o creus que alg\u00fa l&#8217;ha vist, no et preocupis! Segueix les instruccions del document que trobar\u00e0s <a href=\"https:\/\/drive.google.com\/file\/d\/1beg9qhW6lGGOSETw3beNWy6R0TZd48Wc\/view?pli=1\" target=\"_blank\" rel=\"noopener\"><strong>aqu\u00ed<\/strong> <\/a>i tindr\u00e0s una nova contrasenya en un instant.<\/p>\n<p>Protegeix el teu compte i no et quedis amb una contrasenya que et complica la vida!<\/p>\n<p style=\"text-align: center;\"><a href=\"https:\/\/agora.xtec.cat\/instarragona\/estrategia-digital\/\"><img loading=\"lazy\" decoding=\"async\" class=\"aligncenter wp-image-5463 size-full\" src=\"https:\/\/agora.xtec.cat\/instarragona\/wp-content\/uploads\/usu484\/2024\/09\/Captura.jpg\" alt=\"\" width=\"1067\" height=\"110\" srcset=\"https:\/\/agora.xtec.cat\/instarragona\/wp-content\/uploads\/usu484\/2024\/09\/Captura.jpg 1067w, https:\/\/agora.xtec.cat\/instarragona\/wp-content\/uploads\/usu484\/2024\/09\/Captura-300x31.jpg 300w, https:\/\/agora.xtec.cat\/instarragona\/wp-content\/uploads\/usu484\/2024\/09\/Captura-1024x106.jpg 1024w, https:\/\/agora.xtec.cat\/instarragona\/wp-content\/uploads\/usu484\/2024\/09\/Captura-768x79.jpg 768w\" sizes=\"auto, (max-width: 1067px) 100vw, 1067px\" \/><\/a><\/p>\n","protected":false},"excerpt":{"rendered":"<p>Despr\u00e9s de l&#8217;estiu has desconnectat i molt, oi? Arriba el curs nou i vols canviar la contrasenya del teu compte perqu\u00e8 tens veritables problemes per recordar-la?\u00a0Si la teva contrasenya \u00e9s massa llarga, complicada o creus que alg\u00fa l&#8217;ha vist, no et preocupis! Segueix les instruccions&hellip;  <a href=\"https:\/\/agora.xtec.cat\/instarragona\/general\/problemes-amb-la-contrasenya-instarragona-cat\/\" title=\"Read Problemes amb la contrasenya instarragona?\">Llegeix m\u00e9s\u00bb<\/a><\/p>\n","protected":false},"author":1,"featured_media":0,"comment_status":"open","ping_status":"closed","sticky":false,"template":"","format":"standard","meta":{"_bbp_topic_count":0,"_bbp_reply_count":0,"_bbp_total_topic_count":0,"_bbp_total_reply_count":0,"_bbp_voice_count":0,"_bbp_anonymous_reply_count":0,"_bbp_topic_count_hidden":0,"_bbp_reply_count_hidden":0,"_bbp_forum_subforum_count":0,"footnotes":""},"categories":[1,29],"tags":[],"class_list":["post-5462","post","type-post","status-publish","format-standard","hentry","category-general","category-portada"],"post_mailing_queue_ids":[],"_links":{"self":[{"href":"https:\/\/agora.xtec.cat\/instarragona\/wp-json\/wp\/v2\/posts\/5462","targetHints":{"allow":["GET"]}}],"collection":[{"href":"https:\/\/agora.xtec.cat\/instarragona\/wp-json\/wp\/v2\/posts"}],"about":[{"href":"https:\/\/agora.xtec.cat\/instarragona\/wp-json\/wp\/v2\/types\/post"}],"author":[{"embeddable":true,"href":"https:\/\/agora.xtec.cat\/instarragona\/wp-json\/wp\/v2\/users\/1"}],"replies":[{"embeddable":true,"href":"https:\/\/agora.xtec.cat\/instarragona\/wp-json\/wp\/v2\/comments?post=5462"}],"version-history":[{"count":6,"href":"https:\/\/agora.xtec.cat\/instarragona\/wp-json\/wp\/v2\/posts\/5462\/revisions"}],"predecessor-version":[{"id":5474,"href":"https:\/\/agora.xtec.cat\/instarragona\/wp-json\/wp\/v2\/posts\/5462\/revisions\/5474"}],"wp:attachment":[{"href":"https:\/\/agora.xtec.cat\/instarragona\/wp-json\/wp\/v2\/media?parent=5462"}],"wp:term":[{"taxonomy":"category","embeddable":true,"href":"https:\/\/agora.xtec.cat\/instarragona\/wp-json\/wp\/v2\/categories?post=5462"},{"taxonomy":"post_tag","embeddable":true,"href":"https:\/\/agora.xtec.cat\/instarragona\/wp-json\/wp\/v2\/tags?post=5462"}],"curies":[{"name":"wp","href":"https:\/\/api.w.org\/{rel}","templated":true}]}}