{"id":5409,"date":"2024-06-25T09:58:51","date_gmt":"2024-06-25T07:58:51","guid":{"rendered":"https:\/\/agora.xtec.cat\/instarragona\/?p=5409"},"modified":"2024-06-25T10:00:06","modified_gmt":"2024-06-25T08:00:06","slug":"viatge-al-pais-basc-a-4t-deso","status":"publish","type":"post","link":"https:\/\/agora.xtec.cat\/instarragona\/eso\/eso-4\/viatge-al-pais-basc-a-4t-deso\/","title":{"rendered":"Viatge al Pa\u00eds Basc a 4t de l&#8217;ESO"},"content":{"rendered":"<p>L&#8217;alumnat de 4t d&#8217;ESO ha gaudit durant quatre dies de l&#8217;ess\u00e8ncia del Pa\u00eds Basc. Els nostres alumnes han visitat mitjan\u00e7ant activitats l\u00fadiques, esportives i culturals de poblacions com Bilbao, Gernika, Mundaka, Bermeo, reserva de la biosfera de Urdaibai\u00a0 San Juan de Gaztelugatxe i Donosti. D&#8217;aquesta manera es despedeixen d&#8217;una etapa que recordaran per sempre.<\/p>\n<table style=\"border-collapse: collapse; width: 100%;\">\n<tbody>\n<tr>\n<td style=\"width: 50%;\"><img loading=\"lazy\" decoding=\"async\" class=\"aligncenter size-full wp-image-5410\" src=\"https:\/\/agora.xtec.cat\/instarragona\/wp-content\/uploads\/usu484\/2024\/06\/2-3.png\" alt=\"\" width=\"1072\" height=\"726\" srcset=\"https:\/\/agora.xtec.cat\/instarragona\/wp-content\/uploads\/usu484\/2024\/06\/2-3.png 1072w, https:\/\/agora.xtec.cat\/instarragona\/wp-content\/uploads\/usu484\/2024\/06\/2-3-300x203.png 300w, https:\/\/agora.xtec.cat\/instarragona\/wp-content\/uploads\/usu484\/2024\/06\/2-3-1024x693.png 1024w, https:\/\/agora.xtec.cat\/instarragona\/wp-content\/uploads\/usu484\/2024\/06\/2-3-768x520.png 768w\" sizes=\"auto, (max-width: 1072px) 100vw, 1072px\" \/><\/td>\n<td style=\"width: 50%;\"><img loading=\"lazy\" decoding=\"async\" class=\"aligncenter size-full wp-image-5411\" src=\"https:\/\/agora.xtec.cat\/instarragona\/wp-content\/uploads\/usu484\/2024\/06\/6-1.png\" alt=\"\" width=\"607\" height=\"739\" srcset=\"https:\/\/agora.xtec.cat\/instarragona\/wp-content\/uploads\/usu484\/2024\/06\/6-1.png 607w, https:\/\/agora.xtec.cat\/instarragona\/wp-content\/uploads\/usu484\/2024\/06\/6-1-246x300.png 246w\" sizes=\"auto, (max-width: 607px) 100vw, 607px\" \/><\/td>\n<\/tr>\n<tr>\n<td style=\"width: 50%;\"><img loading=\"lazy\" decoding=\"async\" class=\"aligncenter size-full wp-image-5412\" src=\"https:\/\/agora.xtec.cat\/instarragona\/wp-content\/uploads\/usu484\/2024\/06\/4-2.png\" alt=\"\" width=\"1074\" height=\"683\" srcset=\"https:\/\/agora.xtec.cat\/instarragona\/wp-content\/uploads\/usu484\/2024\/06\/4-2.png 1074w, https:\/\/agora.xtec.cat\/instarragona\/wp-content\/uploads\/usu484\/2024\/06\/4-2-300x191.png 300w, https:\/\/agora.xtec.cat\/instarragona\/wp-content\/uploads\/usu484\/2024\/06\/4-2-1024x651.png 1024w, https:\/\/agora.xtec.cat\/instarragona\/wp-content\/uploads\/usu484\/2024\/06\/4-2-768x488.png 768w\" sizes=\"auto, (max-width: 1074px) 100vw, 1074px\" \/><\/td>\n<td style=\"width: 50%;\"><img loading=\"lazy\" decoding=\"async\" class=\"aligncenter size-full wp-image-5413\" src=\"https:\/\/agora.xtec.cat\/instarragona\/wp-content\/uploads\/usu484\/2024\/06\/Captura-16.png\" alt=\"\" width=\"1063\" height=\"590\" srcset=\"https:\/\/agora.xtec.cat\/instarragona\/wp-content\/uploads\/usu484\/2024\/06\/Captura-16.png 1063w, https:\/\/agora.xtec.cat\/instarragona\/wp-content\/uploads\/usu484\/2024\/06\/Captura-16-300x167.png 300w, https:\/\/agora.xtec.cat\/instarragona\/wp-content\/uploads\/usu484\/2024\/06\/Captura-16-1024x568.png 1024w, https:\/\/agora.xtec.cat\/instarragona\/wp-content\/uploads\/usu484\/2024\/06\/Captura-16-768x426.png 768w\" sizes=\"auto, (max-width: 1063px) 100vw, 1063px\" \/><\/td>\n<\/tr>\n<\/tbody>\n<\/table>\n<p>Hem guardat unes quantes de les <a href=\"https:\/\/drive.google.com\/drive\/folders\/103XySnBEV0yUyz5lK57rLbH-EiRNOx9J?usp=sharing\" target=\"_blank\" rel=\"noopener\"><strong>imatges<\/strong> <\/a>que hem anat fent durant el viatge. Gaudiu-les!<\/p>\n<p>&nbsp;<\/p>\n","protected":false},"excerpt":{"rendered":"<p>L&#8217;alumnat de 4t d&#8217;ESO ha gaudit durant quatre dies de l&#8217;ess\u00e8ncia del Pa\u00eds Basc. Els nostres alumnes han visitat mitjan\u00e7ant activitats l\u00fadiques, esportives i culturals de poblacions com Bilbao, Gernika, Mundaka, Bermeo, reserva de la biosfera de Urdaibai\u00a0 San Juan de Gaztelugatxe i Donosti. D&#8217;aquesta&hellip;  <a href=\"https:\/\/agora.xtec.cat\/instarragona\/eso\/eso-4\/viatge-al-pais-basc-a-4t-deso\/\" title=\"Read Viatge al Pa\u00eds Basc a 4t de l&#8217;ESO\">Llegeix m\u00e9s\u00bb<\/a><\/p>\n","protected":false},"author":1,"featured_media":5416,"comment_status":"open","ping_status":"closed","sticky":false,"template":"","format":"standard","meta":{"_bbp_topic_count":0,"_bbp_reply_count":0,"_bbp_total_topic_count":0,"_bbp_total_reply_count":0,"_bbp_voice_count":0,"_bbp_anonymous_reply_count":0,"_bbp_topic_count_hidden":0,"_bbp_reply_count_hidden":0,"_bbp_forum_subforum_count":0,"footnotes":""},"categories":[7,29],"tags":[39],"class_list":["post-5409","post","type-post","status-publish","format-standard","has-post-thumbnail","hentry","category-eso-4","category-portada","tag-sortides"],"post_mailing_queue_ids":[],"_links":{"self":[{"href":"https:\/\/agora.xtec.cat\/instarragona\/wp-json\/wp\/v2\/posts\/5409","targetHints":{"allow":["GET"]}}],"collection":[{"href":"https:\/\/agora.xtec.cat\/instarragona\/wp-json\/wp\/v2\/posts"}],"about":[{"href":"https:\/\/agora.xtec.cat\/instarragona\/wp-json\/wp\/v2\/types\/post"}],"author":[{"embeddable":true,"href":"https:\/\/agora.xtec.cat\/instarragona\/wp-json\/wp\/v2\/users\/1"}],"replies":[{"embeddable":true,"href":"https:\/\/agora.xtec.cat\/instarragona\/wp-json\/wp\/v2\/comments?post=5409"}],"version-history":[{"count":2,"href":"https:\/\/agora.xtec.cat\/instarragona\/wp-json\/wp\/v2\/posts\/5409\/revisions"}],"predecessor-version":[{"id":5415,"href":"https:\/\/agora.xtec.cat\/instarragona\/wp-json\/wp\/v2\/posts\/5409\/revisions\/5415"}],"wp:featuredmedia":[{"embeddable":true,"href":"https:\/\/agora.xtec.cat\/instarragona\/wp-json\/wp\/v2\/media\/5416"}],"wp:attachment":[{"href":"https:\/\/agora.xtec.cat\/instarragona\/wp-json\/wp\/v2\/media?parent=5409"}],"wp:term":[{"taxonomy":"category","embeddable":true,"href":"https:\/\/agora.xtec.cat\/instarragona\/wp-json\/wp\/v2\/categories?post=5409"},{"taxonomy":"post_tag","embeddable":true,"href":"https:\/\/agora.xtec.cat\/instarragona\/wp-json\/wp\/v2\/tags?post=5409"}],"curies":[{"name":"wp","href":"https:\/\/api.w.org\/{rel}","templated":true}]}}