{"id":5363,"date":"2024-06-19T09:39:33","date_gmt":"2024-06-19T07:39:33","guid":{"rendered":"https:\/\/agora.xtec.cat\/instarragona\/?p=5363"},"modified":"2024-06-19T09:39:33","modified_gmt":"2024-06-19T07:39:33","slug":"womens-legacy","status":"publish","type":"post","link":"https:\/\/agora.xtec.cat\/instarragona\/portada\/womens-legacy\/","title":{"rendered":"Women&#8217;s Legacy"},"content":{"rendered":"<div dir=\"ltr\">\n<div>\n<div class=\"gmail_quote\"><b><\/b><\/p>\n<div dir=\"ltr\">\n<div>\n<p>Aquest divendres passat dia 14 de juny als SSTT de Cultura de la Generalitat de Catalunya es va presentar el projecte europeu d&#8217;innovaci\u00f3 <a href=\"https:\/\/womenslegacyproject.eu\/ca\/home\/\" target=\"_blank\" rel=\"noopener noreferrer\" data-saferedirecturl=\"https:\/\/www.google.com\/url?q=https:\/\/womenslegacyproject.eu\/ca\/home\/&amp;source=gmail&amp;ust=1718868856673000&amp;usg=AOvVaw0A302GsGw68MzzmGIWP-fQ\"><strong>Women&#8217;s<\/strong> <strong>Legacy<\/strong><\/a><strong>,<\/strong> organitzat pel <strong>Grup de Treball Veus de Dona a Tarragona<\/strong> i l&#8217;<strong>Associaci\u00f3 de Professionals i Estudiosos en Llengua i Literatura Catalanes (APELLC)<\/strong> amb la pres\u00e8ncia de la directora dels SSTT de Cultura, el director dels SSTT d&#8217;Educaci\u00f3 i el director de l&#8217;ICE.<\/p>\n<p>Les coordinadores del Women&#8217;s Legacy, Ana L\u00f3pez i Rosa Roig, van explicar que el projecte t\u00e9 com a objectiu recuperar les obres i les produccions de les dones en els diferents \u00e0mbits de la ci\u00e8ncia i la cultura per transferir-les en l&#8217;\u00e0mbit educatiu. Compta amb un material educatiu molt extens que toca tots els \u00e0mbits del saber.<\/p>\n<p><span lang=\"ca\"><span style=\"color: #000000; font-family: Helvetica;\">Veus de Dona a Tarragona es va adherir al projecte Women&#8217;s Legacy fa dos cursos i est\u00e0 col\u00b7laborant en la creaci\u00f3 de material i en la difusi\u00f3 d&#8217;aquest magne projecte, que continua tirant endavant.\u00a0<\/span><\/span><\/p>\n<p>El\u00a0\u00a0<strong><a href=\"https:\/\/sites.google.com\/view\/veusdedona\/gdt\" target=\"_blank\" rel=\"noopener noreferrer\" data-saferedirecturl=\"https:\/\/www.google.com\/url?q=https:\/\/sites.google.com\/view\/veusdedona\/gdt&amp;source=gmail&amp;ust=1718868856673000&amp;usg=AOvVaw13KlQNYYIlFYgbiAKSaECC\">grup de treball<\/a>\u00a0<\/strong>Veus de Dona Tarragona est\u00e0 format per professionals de l\u2019\u00e0mbit educatiu de Llengua catalana i literatura de diversos centres de les comarques tarragonines: INS Constant\u00ed (centre coordinador), INS A. Mart\u00ed Franqu\u00e8s, INS Tarragona, INS Pons d\u2019Icart, INS Ramon de la Torre, INS Torreforta. Tamb\u00e9 en formen part docents de franc\u00e8s, rus, angl\u00e8s i ara \u00e0rab de l\u2019EOIT. Des del curs passat, a m\u00e9s a m\u00e9s, s\u2019han adherit a l\u2019equip del\u00a0<strong><a href=\"https:\/\/projectes.xtec.cat\/educacio-literaria\/?s=women\" target=\"_blank\" rel=\"noopener noreferrer\" data-saferedirecturl=\"https:\/\/www.google.com\/url?q=https:\/\/projectes.xtec.cat\/educacio-literaria\/?s%3Dwomen&amp;source=gmail&amp;ust=1718868856673000&amp;usg=AOvVaw11yM2it0R1o9Xl7wkapFjW\">Women\u2019s Legacy<\/a><\/strong>\u00a0a fi de difondre les escriptores del territori.<\/p>\n<p>Compten amb el suport del 4t Ajut Pont que atorga el Consell Social de la URV per al curs 2023-24 i tenen l\u2019objectiu de treballar la literatura de manera m\u00e9s vivencial i m\u00e9s propera, tot visibilitzant les escriptores del territori.<\/p>\n<p>El dissabte es va fer una ruta liter\u00e0ria amb veu de dona per la Part Alta de la ciutat per <span lang=\"ca\"><span style=\"color: #000000; font-family: Helvetica;\">anar descobrint les veus de les escriptores que han literaturitzat aquest paisatge urb\u00e0. Vam tenir la sort de poder comptar amb les escriptores Lurdes Malgrat, directora dels SSTT de Cultura, i Roser Guasch, professora de l&#8217;Institut Tarragona. Tot un \u00e8xit.<\/span><\/span><\/p>\n<p>&nbsp;<\/p>\n<p><img loading=\"lazy\" decoding=\"async\" class=\"aligncenter size-full wp-image-5364\" src=\"https:\/\/agora.xtec.cat\/instarragona\/wp-content\/uploads\/usu484\/2024\/06\/Captura-3.png\" alt=\"\" width=\"1008\" height=\"793\" srcset=\"https:\/\/agora.xtec.cat\/instarragona\/wp-content\/uploads\/usu484\/2024\/06\/Captura-3.png 1008w, https:\/\/agora.xtec.cat\/instarragona\/wp-content\/uploads\/usu484\/2024\/06\/Captura-3-300x236.png 300w, https:\/\/agora.xtec.cat\/instarragona\/wp-content\/uploads\/usu484\/2024\/06\/Captura-3-768x604.png 768w\" sizes=\"auto, (max-width: 1008px) 100vw, 1008px\" \/><\/p>\n<\/div>\n<p><img loading=\"lazy\" decoding=\"async\" class=\"aligncenter size-full wp-image-5365\" src=\"https:\/\/agora.xtec.cat\/instarragona\/wp-content\/uploads\/usu484\/2024\/06\/2-2.png\" alt=\"\" width=\"1014\" height=\"591\" srcset=\"https:\/\/agora.xtec.cat\/instarragona\/wp-content\/uploads\/usu484\/2024\/06\/2-2.png 1014w, https:\/\/agora.xtec.cat\/instarragona\/wp-content\/uploads\/usu484\/2024\/06\/2-2-300x175.png 300w, https:\/\/agora.xtec.cat\/instarragona\/wp-content\/uploads\/usu484\/2024\/06\/2-2-768x448.png 768w\" sizes=\"auto, (max-width: 1014px) 100vw, 1014px\" \/><\/p>\n<\/div>\n<\/div>\n<\/div>\n<\/div>\n","protected":false},"excerpt":{"rendered":"<p>Aquest divendres passat dia 14 de juny als SSTT de Cultura de la Generalitat de Catalunya es va presentar el projecte europeu d&#8217;innovaci\u00f3 <a href=\"https:\/\/womenslegacyproject.eu\/ca\/home\/\" target=\"_blank\" rel=\"noopener noreferrer\" data-saferedirecturl=\"https:\/\/www.google.com\/url?q=https:\/\/womenslegacyproject.eu\/ca\/home\/&amp;source=gmail&amp;ust=1718868856673000&amp;usg=AOvVaw0A302GsGw68MzzmGIWP-fQ\">Women&#8217;s Legacy<\/a>, organitzat pel Grup de Treball Veus de Dona a Tarragona i l&#8217;Associaci\u00f3 de Professionals i&hellip;  <a href=\"https:\/\/agora.xtec.cat\/instarragona\/portada\/womens-legacy\/\" title=\"Read Women&#8217;s Legacy\">Llegeix m\u00e9s\u00bb<\/a><\/p>\n","protected":false},"author":1,"featured_media":5364,"comment_status":"open","ping_status":"closed","sticky":false,"template":"","format":"standard","meta":{"_bbp_topic_count":0,"_bbp_reply_count":0,"_bbp_total_topic_count":0,"_bbp_total_reply_count":0,"_bbp_voice_count":0,"_bbp_anonymous_reply_count":0,"_bbp_topic_count_hidden":0,"_bbp_reply_count_hidden":0,"_bbp_forum_subforum_count":0,"footnotes":""},"categories":[29],"tags":[119],"class_list":["post-5363","post","type-post","status-publish","format-standard","has-post-thumbnail","hentry","category-portada","tag-catala"],"post_mailing_queue_ids":[],"_links":{"self":[{"href":"https:\/\/agora.xtec.cat\/instarragona\/wp-json\/wp\/v2\/posts\/5363","targetHints":{"allow":["GET"]}}],"collection":[{"href":"https:\/\/agora.xtec.cat\/instarragona\/wp-json\/wp\/v2\/posts"}],"about":[{"href":"https:\/\/agora.xtec.cat\/instarragona\/wp-json\/wp\/v2\/types\/post"}],"author":[{"embeddable":true,"href":"https:\/\/agora.xtec.cat\/instarragona\/wp-json\/wp\/v2\/users\/1"}],"replies":[{"embeddable":true,"href":"https:\/\/agora.xtec.cat\/instarragona\/wp-json\/wp\/v2\/comments?post=5363"}],"version-history":[{"count":1,"href":"https:\/\/agora.xtec.cat\/instarragona\/wp-json\/wp\/v2\/posts\/5363\/revisions"}],"predecessor-version":[{"id":5366,"href":"https:\/\/agora.xtec.cat\/instarragona\/wp-json\/wp\/v2\/posts\/5363\/revisions\/5366"}],"wp:featuredmedia":[{"embeddable":true,"href":"https:\/\/agora.xtec.cat\/instarragona\/wp-json\/wp\/v2\/media\/5364"}],"wp:attachment":[{"href":"https:\/\/agora.xtec.cat\/instarragona\/wp-json\/wp\/v2\/media?parent=5363"}],"wp:term":[{"taxonomy":"category","embeddable":true,"href":"https:\/\/agora.xtec.cat\/instarragona\/wp-json\/wp\/v2\/categories?post=5363"},{"taxonomy":"post_tag","embeddable":true,"href":"https:\/\/agora.xtec.cat\/instarragona\/wp-json\/wp\/v2\/tags?post=5363"}],"curies":[{"name":"wp","href":"https:\/\/api.w.org\/{rel}","templated":true}]}}