{"id":5355,"date":"2024-06-18T13:48:11","date_gmt":"2024-06-18T11:48:11","guid":{"rendered":"https:\/\/agora.xtec.cat\/instarragona\/?p=5355"},"modified":"2024-06-18T13:48:25","modified_gmt":"2024-06-18T11:48:25","slug":"acte-de-la-graduacio-de-4t-deso","status":"publish","type":"post","link":"https:\/\/agora.xtec.cat\/instarragona\/general\/acte-de-la-graduacio-de-4t-deso\/","title":{"rendered":"Acte de la graduaci\u00f3 de 4t d&#8217;ESO"},"content":{"rendered":"<p>Ja tenim aqu\u00ed totes les fotos de la graduaci\u00f3. Moltes felicitats a tots i a totes, ens enorgulleix que h\u00e0giu finalitzat els vostres estudis d&#8217;ESO al nostre centre. Us desitgem el millor, si comenceu Batxillerat a la casa ens veurem ben aviat, a tota la resta, els que inicieu un altre cam\u00ed, endavant! molta sort i ja sabeu que podeu tornar quan desitgeu.<\/p>\n<p>Totes les imatges de la celebraci\u00f3 <strong><a href=\"https:\/\/drive.google.com\/drive\/folders\/1QgRy3xsSTKoaZnQAdjH7LCcSHF9S2e85?usp=sharing\" target=\"_blank\" rel=\"noopener\">aqu\u00ed<\/a> <\/strong>mateix!<\/p>\n<p><img loading=\"lazy\" decoding=\"async\" class=\"aligncenter size-full wp-image-5358\" src=\"https:\/\/agora.xtec.cat\/instarragona\/wp-content\/uploads\/usu484\/2024\/06\/Captura-4.png\" alt=\"\" width=\"1019\" height=\"609\" srcset=\"https:\/\/agora.xtec.cat\/instarragona\/wp-content\/uploads\/usu484\/2024\/06\/Captura-4.png 1019w, https:\/\/agora.xtec.cat\/instarragona\/wp-content\/uploads\/usu484\/2024\/06\/Captura-4-300x179.png 300w, https:\/\/agora.xtec.cat\/instarragona\/wp-content\/uploads\/usu484\/2024\/06\/Captura-4-768x459.png 768w\" sizes=\"auto, (max-width: 1019px) 100vw, 1019px\" \/><\/p>\n","protected":false},"excerpt":{"rendered":"<p>Ja tenim aqu\u00ed totes les fotos de la graduaci\u00f3. Moltes felicitats a tots i a totes, ens enorgulleix que h\u00e0giu finalitzat els vostres estudis d&#8217;ESO al nostre centre. Us desitgem el millor, si comenceu Batxillerat a la casa ens veurem ben aviat, a tota la&hellip;  <a href=\"https:\/\/agora.xtec.cat\/instarragona\/general\/acte-de-la-graduacio-de-4t-deso\/\" title=\"Read Acte de la graduaci\u00f3 de 4t d&#8217;ESO\">Llegeix m\u00e9s\u00bb<\/a><\/p>\n","protected":false},"author":1,"featured_media":0,"comment_status":"open","ping_status":"closed","sticky":false,"template":"","format":"standard","meta":{"_bbp_topic_count":0,"_bbp_reply_count":0,"_bbp_total_topic_count":0,"_bbp_total_reply_count":0,"_bbp_voice_count":0,"_bbp_anonymous_reply_count":0,"_bbp_topic_count_hidden":0,"_bbp_reply_count_hidden":0,"_bbp_forum_subforum_count":0,"footnotes":""},"categories":[7,1,29],"tags":[97],"class_list":["post-5355","post","type-post","status-publish","format-standard","hentry","category-eso-4","category-general","category-portada","tag-festes-i-activitats"],"post_mailing_queue_ids":[],"_links":{"self":[{"href":"https:\/\/agora.xtec.cat\/instarragona\/wp-json\/wp\/v2\/posts\/5355","targetHints":{"allow":["GET"]}}],"collection":[{"href":"https:\/\/agora.xtec.cat\/instarragona\/wp-json\/wp\/v2\/posts"}],"about":[{"href":"https:\/\/agora.xtec.cat\/instarragona\/wp-json\/wp\/v2\/types\/post"}],"author":[{"embeddable":true,"href":"https:\/\/agora.xtec.cat\/instarragona\/wp-json\/wp\/v2\/users\/1"}],"replies":[{"embeddable":true,"href":"https:\/\/agora.xtec.cat\/instarragona\/wp-json\/wp\/v2\/comments?post=5355"}],"version-history":[{"count":1,"href":"https:\/\/agora.xtec.cat\/instarragona\/wp-json\/wp\/v2\/posts\/5355\/revisions"}],"predecessor-version":[{"id":5359,"href":"https:\/\/agora.xtec.cat\/instarragona\/wp-json\/wp\/v2\/posts\/5355\/revisions\/5359"}],"wp:attachment":[{"href":"https:\/\/agora.xtec.cat\/instarragona\/wp-json\/wp\/v2\/media?parent=5355"}],"wp:term":[{"taxonomy":"category","embeddable":true,"href":"https:\/\/agora.xtec.cat\/instarragona\/wp-json\/wp\/v2\/categories?post=5355"},{"taxonomy":"post_tag","embeddable":true,"href":"https:\/\/agora.xtec.cat\/instarragona\/wp-json\/wp\/v2\/tags?post=5355"}],"curies":[{"name":"wp","href":"https:\/\/api.w.org\/{rel}","templated":true}]}}