{"id":5316,"date":"2024-06-10T10:46:21","date_gmt":"2024-06-10T08:46:21","guid":{"rendered":"https:\/\/agora.xtec.cat\/instarragona\/?p=5316"},"modified":"2024-06-10T13:51:02","modified_gmt":"2024-06-10T11:51:02","slug":"visita-a-fluor","status":"publish","type":"post","link":"https:\/\/agora.xtec.cat\/instarragona\/batxillerat\/visita-a-fluor\/","title":{"rendered":"Visita a Fluor"},"content":{"rendered":"<p>Hem visitat<strong> <a href=\"https:\/\/www.fluor.com\/\" target=\"_blank\" rel=\"noopener\">Fluor<\/a><\/strong> amb l&#8217;alumnat de 1r de Batxillerat de Tecnologia i Enginyeria.<\/p>\n<p>La visita ha estat molt interessant ja que ens ha perm\u00e8s captar qu\u00e8 fa l&#8217;enginyer el\u00e8ctric en el seu dia a dia i con\u00e8ixer de ben a prop el funcionament habitual d&#8217;una de les empreses d&#8217;enginyeria m\u00e9s importants que tenim a la nostra demarcaci\u00f3.<\/p>\n<p>Hem pogut constatar que el treball en equip per la generaci\u00f3 d&#8217;idees i trobar solucions durant la fase de disseny \u00e9s vital. A m\u00e9s a m\u00e9s hem anotat quin \u00e9s el programari que fan servir per generar els planos, com funciona l&#8217;engranatge dels diferents especialistes que intervenen en el projecte, etc.<\/p>\n<p>Esperem que el curs vinent puguem repetir l&#8217;experi\u00e8ncia! estem molt agra\u00efts a l&#8217;empresa per la seva acollida i tota l&#8217;experi\u00e8ncia.<\/p>\n<p><img loading=\"lazy\" decoding=\"async\" class=\"aligncenter size-full wp-image-5320\" src=\"https:\/\/agora.xtec.cat\/instarragona\/wp-content\/uploads\/usu484\/2024\/06\/Captura-1.png\" alt=\"\" width=\"1047\" height=\"767\" srcset=\"https:\/\/agora.xtec.cat\/instarragona\/wp-content\/uploads\/usu484\/2024\/06\/Captura-1.png 1047w, https:\/\/agora.xtec.cat\/instarragona\/wp-content\/uploads\/usu484\/2024\/06\/Captura-1-300x220.png 300w, https:\/\/agora.xtec.cat\/instarragona\/wp-content\/uploads\/usu484\/2024\/06\/Captura-1-1024x750.png 1024w, https:\/\/agora.xtec.cat\/instarragona\/wp-content\/uploads\/usu484\/2024\/06\/Captura-1-768x563.png 768w\" sizes=\"auto, (max-width: 1047px) 100vw, 1047px\" \/><\/p>\n<p>&nbsp;<\/p>\n<p><img loading=\"lazy\" decoding=\"async\" class=\"aligncenter size-full wp-image-5318\" src=\"https:\/\/agora.xtec.cat\/instarragona\/wp-content\/uploads\/usu484\/2024\/06\/2.png\" alt=\"\" width=\"1095\" height=\"800\" srcset=\"https:\/\/agora.xtec.cat\/instarragona\/wp-content\/uploads\/usu484\/2024\/06\/2.png 1095w, https:\/\/agora.xtec.cat\/instarragona\/wp-content\/uploads\/usu484\/2024\/06\/2-300x219.png 300w, https:\/\/agora.xtec.cat\/instarragona\/wp-content\/uploads\/usu484\/2024\/06\/2-1024x748.png 1024w, https:\/\/agora.xtec.cat\/instarragona\/wp-content\/uploads\/usu484\/2024\/06\/2-768x561.png 768w\" sizes=\"auto, (max-width: 1095px) 100vw, 1095px\" \/><\/p>\n<p>&nbsp;<\/p>\n<p><img loading=\"lazy\" decoding=\"async\" class=\"aligncenter size-full wp-image-5319\" src=\"https:\/\/agora.xtec.cat\/instarragona\/wp-content\/uploads\/usu484\/2024\/06\/3-1.png\" alt=\"\" width=\"1038\" height=\"792\" srcset=\"https:\/\/agora.xtec.cat\/instarragona\/wp-content\/uploads\/usu484\/2024\/06\/3-1.png 1038w, https:\/\/agora.xtec.cat\/instarragona\/wp-content\/uploads\/usu484\/2024\/06\/3-1-300x229.png 300w, https:\/\/agora.xtec.cat\/instarragona\/wp-content\/uploads\/usu484\/2024\/06\/3-1-1024x781.png 1024w, https:\/\/agora.xtec.cat\/instarragona\/wp-content\/uploads\/usu484\/2024\/06\/3-1-768x586.png 768w\" sizes=\"auto, (max-width: 1038px) 100vw, 1038px\" \/><\/p>\n<p>&nbsp;<\/p>\n","protected":false},"excerpt":{"rendered":"<p>Hem visitat <a href=\"https:\/\/www.fluor.com\/\" target=\"_blank\" rel=\"noopener\">Fluor<\/a> amb l&#8217;alumnat de 1r de Batxillerat de Tecnologia i Enginyeria.<br \/>\nLa visita ha estat molt interessant ja que ens ha perm\u00e8s captar qu\u00e8 fa l&#8217;enginyer el\u00e8ctric en el seu dia a dia i con\u00e8ixer de ben a prop el funcionament&hellip;  <a href=\"https:\/\/agora.xtec.cat\/instarragona\/batxillerat\/visita-a-fluor\/\" title=\"Read Visita a Fluor\">Llegeix m\u00e9s\u00bb<\/a><\/p>\n","protected":false},"author":1,"featured_media":5320,"comment_status":"open","ping_status":"closed","sticky":false,"template":"","format":"standard","meta":{"_bbp_topic_count":0,"_bbp_reply_count":0,"_bbp_total_topic_count":0,"_bbp_total_reply_count":0,"_bbp_voice_count":0,"_bbp_anonymous_reply_count":0,"_bbp_topic_count_hidden":0,"_bbp_reply_count_hidden":0,"_bbp_forum_subforum_count":0,"footnotes":""},"categories":[8,29],"tags":[39,110],"class_list":["post-5316","post","type-post","status-publish","format-standard","has-post-thumbnail","hentry","category-batxillerat","category-portada","tag-sortides","tag-tecnologia"],"post_mailing_queue_ids":[],"_links":{"self":[{"href":"https:\/\/agora.xtec.cat\/instarragona\/wp-json\/wp\/v2\/posts\/5316","targetHints":{"allow":["GET"]}}],"collection":[{"href":"https:\/\/agora.xtec.cat\/instarragona\/wp-json\/wp\/v2\/posts"}],"about":[{"href":"https:\/\/agora.xtec.cat\/instarragona\/wp-json\/wp\/v2\/types\/post"}],"author":[{"embeddable":true,"href":"https:\/\/agora.xtec.cat\/instarragona\/wp-json\/wp\/v2\/users\/1"}],"replies":[{"embeddable":true,"href":"https:\/\/agora.xtec.cat\/instarragona\/wp-json\/wp\/v2\/comments?post=5316"}],"version-history":[{"count":4,"href":"https:\/\/agora.xtec.cat\/instarragona\/wp-json\/wp\/v2\/posts\/5316\/revisions"}],"predecessor-version":[{"id":5335,"href":"https:\/\/agora.xtec.cat\/instarragona\/wp-json\/wp\/v2\/posts\/5316\/revisions\/5335"}],"wp:featuredmedia":[{"embeddable":true,"href":"https:\/\/agora.xtec.cat\/instarragona\/wp-json\/wp\/v2\/media\/5320"}],"wp:attachment":[{"href":"https:\/\/agora.xtec.cat\/instarragona\/wp-json\/wp\/v2\/media?parent=5316"}],"wp:term":[{"taxonomy":"category","embeddable":true,"href":"https:\/\/agora.xtec.cat\/instarragona\/wp-json\/wp\/v2\/categories?post=5316"},{"taxonomy":"post_tag","embeddable":true,"href":"https:\/\/agora.xtec.cat\/instarragona\/wp-json\/wp\/v2\/tags?post=5316"}],"curies":[{"name":"wp","href":"https:\/\/api.w.org\/{rel}","templated":true}]}}