{"id":5267,"date":"2024-06-04T12:18:52","date_gmt":"2024-06-04T10:18:52","guid":{"rendered":"https:\/\/agora.xtec.cat\/instarragona\/?p=5267"},"modified":"2024-06-06T10:42:37","modified_gmt":"2024-06-06T08:42:37","slug":"la-veu-de-la-terra","status":"publish","type":"post","link":"https:\/\/agora.xtec.cat\/instarragona\/eso\/eso-1\/la-veu-de-la-terra\/","title":{"rendered":"La veu de la Terra"},"content":{"rendered":"<p>Ens fa molta il\u00b7lusi\u00f3 compartir amb vosaltres una experi\u00e8ncia inoblidable! Els alumnes de 1r d&#8217;ESO de l\u2019Institut Tarragona han participat a la cantata &#8220;La veu de la Terra&#8221; al Teatre Fortuny de Reus, junt amb altres escoles de la zona.<\/p>\n<p>Ha estat una jornada plena d&#8217;emoci\u00f3 i aprenentatge, on la m\u00fasica ha estat la protagonista i ens ha perm\u00e8s connectar amb la natura i la nostra comunitat.<\/p>\n<p>Volem agrair a tots els alumnes per la seva dedicaci\u00f3 i talent, als professors per la seva guia i suport, i al Teatre Fortuny per acollir-nos en aquest escenari tan emblem\u00e0tic. Aquesta cantata no nom\u00e9s ha estat un espectacle art\u00edstic, sin\u00f3 tamb\u00e9 un missatge poder\u00f3s sobre la import\u00e0ncia de cuidar el nostre planeta.<\/p>\n<p>Gr\u00e0cies a tothom que ho ha fet possible i als que van venir a gaudir-ho amb nosaltres. Seguim treballant junts per un futur millor, amb la veu de la Terra ressonant fort i clara!<\/p>\n<div><\/div>\n<div><\/div>\n<div>\n<table style=\"border-collapse: collapse; width: 100%;\">\n<tbody>\n<tr>\n<td style=\"width: 33.3333%;\"><img loading=\"lazy\" decoding=\"async\" class=\"aligncenter size-full wp-image-5268\" src=\"https:\/\/agora.xtec.cat\/instarragona\/wp-content\/uploads\/usu484\/2024\/06\/bb3cffee-f41d-432c-9683-0e5c9fb79608.jpg\" alt=\"\" width=\"1536\" height=\"2048\" srcset=\"https:\/\/agora.xtec.cat\/instarragona\/wp-content\/uploads\/usu484\/2024\/06\/bb3cffee-f41d-432c-9683-0e5c9fb79608.jpg 1536w, https:\/\/agora.xtec.cat\/instarragona\/wp-content\/uploads\/usu484\/2024\/06\/bb3cffee-f41d-432c-9683-0e5c9fb79608-225x300.jpg 225w, https:\/\/agora.xtec.cat\/instarragona\/wp-content\/uploads\/usu484\/2024\/06\/bb3cffee-f41d-432c-9683-0e5c9fb79608-768x1024.jpg 768w, https:\/\/agora.xtec.cat\/instarragona\/wp-content\/uploads\/usu484\/2024\/06\/bb3cffee-f41d-432c-9683-0e5c9fb79608-1152x1536.jpg 1152w\" sizes=\"auto, (max-width: 1536px) 100vw, 1536px\" \/><\/td>\n<td style=\"width: 33.3333%;\"><img loading=\"lazy\" decoding=\"async\" class=\"aligncenter size-full wp-image-5270\" src=\"https:\/\/agora.xtec.cat\/instarragona\/wp-content\/uploads\/usu484\/2024\/06\/c525f940-ccfc-48b8-ad78-b399a6dccc63.jpg\" alt=\"\" width=\"1200\" height=\"1600\" srcset=\"https:\/\/agora.xtec.cat\/instarragona\/wp-content\/uploads\/usu484\/2024\/06\/c525f940-ccfc-48b8-ad78-b399a6dccc63.jpg 1200w, https:\/\/agora.xtec.cat\/instarragona\/wp-content\/uploads\/usu484\/2024\/06\/c525f940-ccfc-48b8-ad78-b399a6dccc63-225x300.jpg 225w, https:\/\/agora.xtec.cat\/instarragona\/wp-content\/uploads\/usu484\/2024\/06\/c525f940-ccfc-48b8-ad78-b399a6dccc63-768x1024.jpg 768w, https:\/\/agora.xtec.cat\/instarragona\/wp-content\/uploads\/usu484\/2024\/06\/c525f940-ccfc-48b8-ad78-b399a6dccc63-1152x1536.jpg 1152w\" sizes=\"auto, (max-width: 1200px) 100vw, 1200px\" \/><\/td>\n<td style=\"width: 33.3333%;\"><img loading=\"lazy\" decoding=\"async\" class=\"aligncenter size-full wp-image-5269\" src=\"https:\/\/agora.xtec.cat\/instarragona\/wp-content\/uploads\/usu484\/2024\/06\/044243ff-1151-4bdc-a667-daab69a897da.jpg\" alt=\"\" width=\"1536\" height=\"2048\" srcset=\"https:\/\/agora.xtec.cat\/instarragona\/wp-content\/uploads\/usu484\/2024\/06\/044243ff-1151-4bdc-a667-daab69a897da.jpg 1536w, https:\/\/agora.xtec.cat\/instarragona\/wp-content\/uploads\/usu484\/2024\/06\/044243ff-1151-4bdc-a667-daab69a897da-225x300.jpg 225w, https:\/\/agora.xtec.cat\/instarragona\/wp-content\/uploads\/usu484\/2024\/06\/044243ff-1151-4bdc-a667-daab69a897da-768x1024.jpg 768w, https:\/\/agora.xtec.cat\/instarragona\/wp-content\/uploads\/usu484\/2024\/06\/044243ff-1151-4bdc-a667-daab69a897da-1152x1536.jpg 1152w\" sizes=\"auto, (max-width: 1536px) 100vw, 1536px\" \/><\/td>\n<\/tr>\n<\/tbody>\n<\/table>\n<\/div>\n<div><\/div>\n<div>M\u00e9s <a href=\"https:\/\/drive.google.com\/drive\/folders\/1-z2nsWr1SDaCt_lgYS--v7-lnIE6Ifco?usp=sharing\" target=\"_blank\" rel=\"noopener\"><strong>imatges<\/strong><\/a>.<\/div>\n<div><\/div>\n","protected":false},"excerpt":{"rendered":"<p>Ens fa molta il\u00b7lusi\u00f3 compartir amb vosaltres una experi\u00e8ncia inoblidable! Els alumnes de 1r d&#8217;ESO de l\u2019Institut Tarragona han participat a la cantata &#8220;La veu de la Terra&#8221; al Teatre Fortuny de Reus, junt amb altres escoles de la zona.<br \/>\nHa estat una jornada plena d&#8217;emoci\u00f3&hellip;  <a href=\"https:\/\/agora.xtec.cat\/instarragona\/eso\/eso-1\/la-veu-de-la-terra\/\" title=\"Read La veu de la Terra\">Llegeix m\u00e9s\u00bb<\/a><\/p>\n","protected":false},"author":1,"featured_media":5270,"comment_status":"open","ping_status":"closed","sticky":false,"template":"","format":"standard","meta":{"_bbp_topic_count":0,"_bbp_reply_count":0,"_bbp_total_topic_count":0,"_bbp_total_reply_count":0,"_bbp_voice_count":0,"_bbp_anonymous_reply_count":0,"_bbp_topic_count_hidden":0,"_bbp_reply_count_hidden":0,"_bbp_forum_subforum_count":0,"footnotes":""},"categories":[4,29],"tags":[111,39],"class_list":["post-5267","post","type-post","status-publish","format-standard","has-post-thumbnail","hentry","category-eso-1","category-portada","tag-musica","tag-sortides"],"post_mailing_queue_ids":[],"_links":{"self":[{"href":"https:\/\/agora.xtec.cat\/instarragona\/wp-json\/wp\/v2\/posts\/5267","targetHints":{"allow":["GET"]}}],"collection":[{"href":"https:\/\/agora.xtec.cat\/instarragona\/wp-json\/wp\/v2\/posts"}],"about":[{"href":"https:\/\/agora.xtec.cat\/instarragona\/wp-json\/wp\/v2\/types\/post"}],"author":[{"embeddable":true,"href":"https:\/\/agora.xtec.cat\/instarragona\/wp-json\/wp\/v2\/users\/1"}],"replies":[{"embeddable":true,"href":"https:\/\/agora.xtec.cat\/instarragona\/wp-json\/wp\/v2\/comments?post=5267"}],"version-history":[{"count":3,"href":"https:\/\/agora.xtec.cat\/instarragona\/wp-json\/wp\/v2\/posts\/5267\/revisions"}],"predecessor-version":[{"id":5290,"href":"https:\/\/agora.xtec.cat\/instarragona\/wp-json\/wp\/v2\/posts\/5267\/revisions\/5290"}],"wp:featuredmedia":[{"embeddable":true,"href":"https:\/\/agora.xtec.cat\/instarragona\/wp-json\/wp\/v2\/media\/5270"}],"wp:attachment":[{"href":"https:\/\/agora.xtec.cat\/instarragona\/wp-json\/wp\/v2\/media?parent=5267"}],"wp:term":[{"taxonomy":"category","embeddable":true,"href":"https:\/\/agora.xtec.cat\/instarragona\/wp-json\/wp\/v2\/categories?post=5267"},{"taxonomy":"post_tag","embeddable":true,"href":"https:\/\/agora.xtec.cat\/instarragona\/wp-json\/wp\/v2\/tags?post=5267"}],"curies":[{"name":"wp","href":"https:\/\/api.w.org\/{rel}","templated":true}]}}