{"id":5247,"date":"2024-06-04T09:01:39","date_gmt":"2024-06-04T07:01:39","guid":{"rendered":"https:\/\/agora.xtec.cat\/instarragona\/?p=5247"},"modified":"2024-06-04T09:05:06","modified_gmt":"2024-06-04T07:05:06","slug":"graduacio-2n-batxillerat","status":"publish","type":"post","link":"https:\/\/agora.xtec.cat\/instarragona\/general\/graduacio-2n-batxillerat\/","title":{"rendered":"Graduaci\u00f3 2n Batxillerat"},"content":{"rendered":"<p>Ells i elles, els protagonistes de la jornada, ens deixen, marxen de l&#8217;institut i el motiu no pot ser millor: s&#8217;han fet grans! Ja tenen el t\u00edtol de Batxillerat a la butxaca.<\/p>\n<p>Fa uns dies vam celebrar la seva graduaci\u00f3 i un cop m\u00e9s no va decebre. Ens ho vam passar molt b\u00e9, alumnat, fam\u00edlies i professorat. Rialles, les emocions a flor de pell i com no, la ben merescuda festa.<\/p>\n<table style=\"border-collapse: collapse; width: 100%;\">\n<tbody>\n<tr>\n<td style=\"width: 33.3333%;\"><img loading=\"lazy\" decoding=\"async\" class=\"aligncenter size-full wp-image-5253\" src=\"https:\/\/agora.xtec.cat\/instarragona\/wp-content\/uploads\/usu484\/2024\/06\/8.jpg\" alt=\"\" width=\"1216\" height=\"822\" srcset=\"https:\/\/agora.xtec.cat\/instarragona\/wp-content\/uploads\/usu484\/2024\/06\/8.jpg 1216w, https:\/\/agora.xtec.cat\/instarragona\/wp-content\/uploads\/usu484\/2024\/06\/8-300x203.jpg 300w, https:\/\/agora.xtec.cat\/instarragona\/wp-content\/uploads\/usu484\/2024\/06\/8-1024x692.jpg 1024w, https:\/\/agora.xtec.cat\/instarragona\/wp-content\/uploads\/usu484\/2024\/06\/8-768x519.jpg 768w\" sizes=\"auto, (max-width: 1216px) 100vw, 1216px\" \/><\/td>\n<td style=\"width: 33.3333%;\"><img loading=\"lazy\" decoding=\"async\" class=\"aligncenter size-full wp-image-5254\" src=\"https:\/\/agora.xtec.cat\/instarragona\/wp-content\/uploads\/usu484\/2024\/06\/7.jpg\" alt=\"\" width=\"1244\" height=\"825\" srcset=\"https:\/\/agora.xtec.cat\/instarragona\/wp-content\/uploads\/usu484\/2024\/06\/7.jpg 1244w, https:\/\/agora.xtec.cat\/instarragona\/wp-content\/uploads\/usu484\/2024\/06\/7-300x199.jpg 300w, https:\/\/agora.xtec.cat\/instarragona\/wp-content\/uploads\/usu484\/2024\/06\/7-1024x679.jpg 1024w, https:\/\/agora.xtec.cat\/instarragona\/wp-content\/uploads\/usu484\/2024\/06\/7-768x509.jpg 768w\" sizes=\"auto, (max-width: 1244px) 100vw, 1244px\" \/><\/td>\n<td style=\"width: 33.3333%;\"><img loading=\"lazy\" decoding=\"async\" class=\"aligncenter size-full wp-image-5255\" src=\"https:\/\/agora.xtec.cat\/instarragona\/wp-content\/uploads\/usu484\/2024\/06\/6.jpg\" alt=\"\" width=\"1187\" height=\"835\" srcset=\"https:\/\/agora.xtec.cat\/instarragona\/wp-content\/uploads\/usu484\/2024\/06\/6.jpg 1187w, https:\/\/agora.xtec.cat\/instarragona\/wp-content\/uploads\/usu484\/2024\/06\/6-300x211.jpg 300w, https:\/\/agora.xtec.cat\/instarragona\/wp-content\/uploads\/usu484\/2024\/06\/6-1024x720.jpg 1024w, https:\/\/agora.xtec.cat\/instarragona\/wp-content\/uploads\/usu484\/2024\/06\/6-768x540.jpg 768w\" sizes=\"auto, (max-width: 1187px) 100vw, 1187px\" \/><\/td>\n<\/tr>\n<tr>\n<td style=\"width: 33.3333%;\"><img loading=\"lazy\" decoding=\"async\" class=\"aligncenter size-full wp-image-5256\" src=\"https:\/\/agora.xtec.cat\/instarragona\/wp-content\/uploads\/usu484\/2024\/06\/5.jpg\" alt=\"\" width=\"1073\" height=\"825\" srcset=\"https:\/\/agora.xtec.cat\/instarragona\/wp-content\/uploads\/usu484\/2024\/06\/5.jpg 1073w, https:\/\/agora.xtec.cat\/instarragona\/wp-content\/uploads\/usu484\/2024\/06\/5-300x231.jpg 300w, https:\/\/agora.xtec.cat\/instarragona\/wp-content\/uploads\/usu484\/2024\/06\/5-1024x787.jpg 1024w, https:\/\/agora.xtec.cat\/instarragona\/wp-content\/uploads\/usu484\/2024\/06\/5-768x590.jpg 768w\" sizes=\"auto, (max-width: 1073px) 100vw, 1073px\" \/><\/td>\n<td style=\"width: 33.3333%;\"><img loading=\"lazy\" decoding=\"async\" class=\"aligncenter size-full wp-image-5257\" src=\"https:\/\/agora.xtec.cat\/instarragona\/wp-content\/uploads\/usu484\/2024\/06\/4.jpg\" alt=\"\" width=\"1100\" height=\"839\" srcset=\"https:\/\/agora.xtec.cat\/instarragona\/wp-content\/uploads\/usu484\/2024\/06\/4.jpg 1100w, https:\/\/agora.xtec.cat\/instarragona\/wp-content\/uploads\/usu484\/2024\/06\/4-300x229.jpg 300w, https:\/\/agora.xtec.cat\/instarragona\/wp-content\/uploads\/usu484\/2024\/06\/4-1024x781.jpg 1024w, https:\/\/agora.xtec.cat\/instarragona\/wp-content\/uploads\/usu484\/2024\/06\/4-768x586.jpg 768w\" sizes=\"auto, (max-width: 1100px) 100vw, 1100px\" \/><\/td>\n<td style=\"width: 33.3333%;\"><img loading=\"lazy\" decoding=\"async\" class=\"aligncenter size-full wp-image-5258\" src=\"https:\/\/agora.xtec.cat\/instarragona\/wp-content\/uploads\/usu484\/2024\/06\/3.jpg\" alt=\"\" width=\"1103\" height=\"816\" srcset=\"https:\/\/agora.xtec.cat\/instarragona\/wp-content\/uploads\/usu484\/2024\/06\/3.jpg 1103w, https:\/\/agora.xtec.cat\/instarragona\/wp-content\/uploads\/usu484\/2024\/06\/3-300x222.jpg 300w, https:\/\/agora.xtec.cat\/instarragona\/wp-content\/uploads\/usu484\/2024\/06\/3-1024x758.jpg 1024w, https:\/\/agora.xtec.cat\/instarragona\/wp-content\/uploads\/usu484\/2024\/06\/3-768x568.jpg 768w\" sizes=\"auto, (max-width: 1103px) 100vw, 1103px\" \/><\/td>\n<\/tr>\n<tr>\n<td style=\"width: 33.3333%;\"><img loading=\"lazy\" decoding=\"async\" class=\"aligncenter wp-image-5259\" src=\"https:\/\/agora.xtec.cat\/instarragona\/wp-content\/uploads\/usu484\/2024\/06\/1.jpg\" alt=\"\" width=\"290\" height=\"373\" srcset=\"https:\/\/agora.xtec.cat\/instarragona\/wp-content\/uploads\/usu484\/2024\/06\/1.jpg 551w, https:\/\/agora.xtec.cat\/instarragona\/wp-content\/uploads\/usu484\/2024\/06\/1-233x300.jpg 233w\" sizes=\"auto, (max-width: 290px) 100vw, 290px\" \/><\/td>\n<td style=\"width: 33.3333%;\"><img loading=\"lazy\" decoding=\"async\" class=\"aligncenter size-full wp-image-5260\" src=\"https:\/\/agora.xtec.cat\/instarragona\/wp-content\/uploads\/usu484\/2024\/06\/Captura.jpg\" alt=\"\" width=\"1254\" height=\"828\" srcset=\"https:\/\/agora.xtec.cat\/instarragona\/wp-content\/uploads\/usu484\/2024\/06\/Captura.jpg 1254w, https:\/\/agora.xtec.cat\/instarragona\/wp-content\/uploads\/usu484\/2024\/06\/Captura-300x198.jpg 300w, https:\/\/agora.xtec.cat\/instarragona\/wp-content\/uploads\/usu484\/2024\/06\/Captura-1024x676.jpg 1024w, https:\/\/agora.xtec.cat\/instarragona\/wp-content\/uploads\/usu484\/2024\/06\/Captura-768x507.jpg 768w\" sizes=\"auto, (max-width: 1254px) 100vw, 1254px\" \/><\/td>\n<td style=\"width: 33.3333%;\"><img loading=\"lazy\" decoding=\"async\" class=\"aligncenter size-full wp-image-5261\" src=\"https:\/\/agora.xtec.cat\/instarragona\/wp-content\/uploads\/usu484\/2024\/06\/10.jpg\" alt=\"\" width=\"1195\" height=\"772\" srcset=\"https:\/\/agora.xtec.cat\/instarragona\/wp-content\/uploads\/usu484\/2024\/06\/10.jpg 1195w, https:\/\/agora.xtec.cat\/instarragona\/wp-content\/uploads\/usu484\/2024\/06\/10-300x194.jpg 300w, https:\/\/agora.xtec.cat\/instarragona\/wp-content\/uploads\/usu484\/2024\/06\/10-1024x662.jpg 1024w, https:\/\/agora.xtec.cat\/instarragona\/wp-content\/uploads\/usu484\/2024\/06\/10-768x496.jpg 768w\" sizes=\"auto, (max-width: 1195px) 100vw, 1195px\" \/><\/td>\n<\/tr>\n<\/tbody>\n<\/table>\n<p>I <strong><a href=\"https:\/\/drive.google.com\/drive\/folders\/1-yYAawtnb0vW7r85Isf-JC9wQHmXIbJb?usp=sharing\" target=\"_blank\" rel=\"noopener\">aqu\u00ed <\/a><\/strong>mateix mooooooltes m\u00e9s imatges. Gaudiu-les!<\/p>\n<p>Moltes felicitats a tots i a totes. Sabem que no ha estat un any f\u00e0cil, per\u00f2 de ben segur que tots plegats aconseguireu els vostres prop\u00f2sits si hi poseu esfor\u00e7, const\u00e0ncia i il\u00b7lusi\u00f3.\u00a0Per cert, avui comenceu la selectivitat, l&#8217;\u00faltim pas. Molta sort a tots i ens veiem d&#8217;aqu\u00ed uns dies. A per totes! \ud83d\udcaa<\/p>\n<p>&nbsp;<\/p>\n","protected":false},"excerpt":{"rendered":"<p>Ells i elles, els protagonistes de la jornada, ens deixen, marxen de l&#8217;institut i el motiu no pot ser millor: s&#8217;han fet grans! Ja tenen el t\u00edtol de Batxillerat a la butxaca.<br \/>\nFa uns dies vam celebrar la seva graduaci\u00f3 i un cop m\u00e9s no va&hellip;  <a href=\"https:\/\/agora.xtec.cat\/instarragona\/general\/graduacio-2n-batxillerat\/\" title=\"Read Graduaci\u00f3 2n Batxillerat\">Llegeix m\u00e9s\u00bb<\/a><\/p>\n","protected":false},"author":1,"featured_media":5263,"comment_status":"open","ping_status":"closed","sticky":false,"template":"","format":"standard","meta":{"_bbp_topic_count":0,"_bbp_reply_count":0,"_bbp_total_topic_count":0,"_bbp_total_reply_count":0,"_bbp_voice_count":0,"_bbp_anonymous_reply_count":0,"_bbp_topic_count_hidden":0,"_bbp_reply_count_hidden":0,"_bbp_forum_subforum_count":0,"footnotes":""},"categories":[8,1,29],"tags":[97],"class_list":["post-5247","post","type-post","status-publish","format-standard","has-post-thumbnail","hentry","category-batxillerat","category-general","category-portada","tag-festes-i-activitats"],"post_mailing_queue_ids":[],"_links":{"self":[{"href":"https:\/\/agora.xtec.cat\/instarragona\/wp-json\/wp\/v2\/posts\/5247","targetHints":{"allow":["GET"]}}],"collection":[{"href":"https:\/\/agora.xtec.cat\/instarragona\/wp-json\/wp\/v2\/posts"}],"about":[{"href":"https:\/\/agora.xtec.cat\/instarragona\/wp-json\/wp\/v2\/types\/post"}],"author":[{"embeddable":true,"href":"https:\/\/agora.xtec.cat\/instarragona\/wp-json\/wp\/v2\/users\/1"}],"replies":[{"embeddable":true,"href":"https:\/\/agora.xtec.cat\/instarragona\/wp-json\/wp\/v2\/comments?post=5247"}],"version-history":[{"count":6,"href":"https:\/\/agora.xtec.cat\/instarragona\/wp-json\/wp\/v2\/posts\/5247\/revisions"}],"predecessor-version":[{"id":5266,"href":"https:\/\/agora.xtec.cat\/instarragona\/wp-json\/wp\/v2\/posts\/5247\/revisions\/5266"}],"wp:featuredmedia":[{"embeddable":true,"href":"https:\/\/agora.xtec.cat\/instarragona\/wp-json\/wp\/v2\/media\/5263"}],"wp:attachment":[{"href":"https:\/\/agora.xtec.cat\/instarragona\/wp-json\/wp\/v2\/media?parent=5247"}],"wp:term":[{"taxonomy":"category","embeddable":true,"href":"https:\/\/agora.xtec.cat\/instarragona\/wp-json\/wp\/v2\/categories?post=5247"},{"taxonomy":"post_tag","embeddable":true,"href":"https:\/\/agora.xtec.cat\/instarragona\/wp-json\/wp\/v2\/tags?post=5247"}],"curies":[{"name":"wp","href":"https:\/\/api.w.org\/{rel}","templated":true}]}}