{"id":5237,"date":"2024-05-29T09:51:59","date_gmt":"2024-05-29T07:51:59","guid":{"rendered":"https:\/\/agora.xtec.cat\/instarragona\/?p=5237"},"modified":"2024-05-29T09:53:22","modified_gmt":"2024-05-29T07:53:22","slug":"de-visita-a-liciq","status":"publish","type":"post","link":"https:\/\/agora.xtec.cat\/instarragona\/batxillerat\/de-visita-a-liciq\/","title":{"rendered":"De visita a l&#8217;ICIQ"},"content":{"rendered":"<p>L&#8217;alumnat de 1r Batxillerat de Qu\u00edmica ha pogut visitar l&#8217;<strong><a href=\"https:\/\/www.iciq.org\/\" target=\"_blank\" rel=\"noopener\">Institut Catal\u00e0 d&#8217;investigaci\u00f3 Qu\u00edmica<\/a><\/strong> per experimentar en els seus laboratoris diferents reaccions qu\u00edmiques dins de l&#8217;activitat <strong>Experiments de farmaciola: Cat\u00e0lisi<\/strong>,\u00a0 <strong>Valoracions redox i \u00e0cid-base, Radiacions UV i productes superabsorbents<\/strong>.\u00a0Mat\u00ed molt interessant, experimentant i raonant per entendre els processos qu\u00edmics vistos al laboratori.<\/p>\n<table style=\"border-collapse: collapse; width: 100%;\">\n<tbody>\n<tr>\n<td style=\"width: 50%; text-align: center;\"><img loading=\"lazy\" decoding=\"async\" class=\"aligncenter wp-image-5238\" src=\"https:\/\/agora.xtec.cat\/instarragona\/wp-content\/uploads\/usu484\/2024\/05\/IMG-20240528-WA0004-scaled.jpeg\" alt=\"\" width=\"146\" height=\"260\" srcset=\"https:\/\/agora.xtec.cat\/instarragona\/wp-content\/uploads\/usu484\/2024\/05\/IMG-20240528-WA0004-scaled.jpeg 1440w, https:\/\/agora.xtec.cat\/instarragona\/wp-content\/uploads\/usu484\/2024\/05\/IMG-20240528-WA0004-169x300.jpeg 169w, https:\/\/agora.xtec.cat\/instarragona\/wp-content\/uploads\/usu484\/2024\/05\/IMG-20240528-WA0004-576x1024.jpeg 576w, https:\/\/agora.xtec.cat\/instarragona\/wp-content\/uploads\/usu484\/2024\/05\/IMG-20240528-WA0004-768x1365.jpeg 768w, https:\/\/agora.xtec.cat\/instarragona\/wp-content\/uploads\/usu484\/2024\/05\/IMG-20240528-WA0004-864x1536.jpeg 864w, https:\/\/agora.xtec.cat\/instarragona\/wp-content\/uploads\/usu484\/2024\/05\/IMG-20240528-WA0004-1152x2048.jpeg 1152w\" sizes=\"auto, (max-width: 146px) 100vw, 146px\" \/><\/td>\n<td style=\"width: 50%; text-align: center;\"><img loading=\"lazy\" decoding=\"async\" class=\"aligncenter wp-image-5239\" src=\"https:\/\/agora.xtec.cat\/instarragona\/wp-content\/uploads\/usu484\/2024\/05\/20240528_103830-scaled.jpg\" alt=\"\" width=\"121\" height=\"262\" srcset=\"https:\/\/agora.xtec.cat\/instarragona\/wp-content\/uploads\/usu484\/2024\/05\/20240528_103830-scaled.jpg 1182w, https:\/\/agora.xtec.cat\/instarragona\/wp-content\/uploads\/usu484\/2024\/05\/20240528_103830-139x300.jpg 139w, https:\/\/agora.xtec.cat\/instarragona\/wp-content\/uploads\/usu484\/2024\/05\/20240528_103830-473x1024.jpg 473w, https:\/\/agora.xtec.cat\/instarragona\/wp-content\/uploads\/usu484\/2024\/05\/20240528_103830-768x1663.jpg 768w, https:\/\/agora.xtec.cat\/instarragona\/wp-content\/uploads\/usu484\/2024\/05\/20240528_103830-709x1536.jpg 709w, https:\/\/agora.xtec.cat\/instarragona\/wp-content\/uploads\/usu484\/2024\/05\/20240528_103830-946x2048.jpg 946w\" sizes=\"auto, (max-width: 121px) 100vw, 121px\" \/><\/td>\n<\/tr>\n<tr>\n<td style=\"width: 50%; text-align: center;\"><img loading=\"lazy\" decoding=\"async\" class=\"aligncenter wp-image-5240\" src=\"https:\/\/agora.xtec.cat\/instarragona\/wp-content\/uploads\/usu484\/2024\/05\/IMG-20240528-WA0000-scaled.jpeg\" alt=\"\" width=\"129\" height=\"229\" srcset=\"https:\/\/agora.xtec.cat\/instarragona\/wp-content\/uploads\/usu484\/2024\/05\/IMG-20240528-WA0000-scaled.jpeg 1440w, https:\/\/agora.xtec.cat\/instarragona\/wp-content\/uploads\/usu484\/2024\/05\/IMG-20240528-WA0000-169x300.jpeg 169w, https:\/\/agora.xtec.cat\/instarragona\/wp-content\/uploads\/usu484\/2024\/05\/IMG-20240528-WA0000-576x1024.jpeg 576w, https:\/\/agora.xtec.cat\/instarragona\/wp-content\/uploads\/usu484\/2024\/05\/IMG-20240528-WA0000-768x1365.jpeg 768w, https:\/\/agora.xtec.cat\/instarragona\/wp-content\/uploads\/usu484\/2024\/05\/IMG-20240528-WA0000-864x1536.jpeg 864w, https:\/\/agora.xtec.cat\/instarragona\/wp-content\/uploads\/usu484\/2024\/05\/IMG-20240528-WA0000-1152x2048.jpeg 1152w\" sizes=\"auto, (max-width: 129px) 100vw, 129px\" \/><\/td>\n<td style=\"width: 50%; text-align: center;\"><img loading=\"lazy\" decoding=\"async\" class=\"aligncenter size-full wp-image-5241\" src=\"https:\/\/agora.xtec.cat\/instarragona\/wp-content\/uploads\/usu484\/2024\/05\/IMG-20240528-WA0002-scaled.jpeg\" alt=\"\" width=\"2560\" height=\"1440\" srcset=\"https:\/\/agora.xtec.cat\/instarragona\/wp-content\/uploads\/usu484\/2024\/05\/IMG-20240528-WA0002-scaled.jpeg 2560w, https:\/\/agora.xtec.cat\/instarragona\/wp-content\/uploads\/usu484\/2024\/05\/IMG-20240528-WA0002-300x169.jpeg 300w, https:\/\/agora.xtec.cat\/instarragona\/wp-content\/uploads\/usu484\/2024\/05\/IMG-20240528-WA0002-1024x576.jpeg 1024w, https:\/\/agora.xtec.cat\/instarragona\/wp-content\/uploads\/usu484\/2024\/05\/IMG-20240528-WA0002-768x432.jpeg 768w, https:\/\/agora.xtec.cat\/instarragona\/wp-content\/uploads\/usu484\/2024\/05\/IMG-20240528-WA0002-1536x864.jpeg 1536w, https:\/\/agora.xtec.cat\/instarragona\/wp-content\/uploads\/usu484\/2024\/05\/IMG-20240528-WA0002-2048x1152.jpeg 2048w\" sizes=\"auto, (max-width: 2560px) 100vw, 2560px\" \/><\/td>\n<\/tr>\n<\/tbody>\n<\/table>\n","protected":false},"excerpt":{"rendered":"<p>L&#8217;alumnat de 1r Batxillerat de Qu\u00edmica ha pogut visitar l&#8217;<a href=\"https:\/\/www.iciq.org\/\" target=\"_blank\" rel=\"noopener\">Institut Catal\u00e0 d&#8217;investigaci\u00f3 Qu\u00edmica<\/a> per experimentar en els seus laboratoris diferents reaccions qu\u00edmiques dins de l&#8217;activitat Experiments de farmaciola: Cat\u00e0lisi,\u00a0 Valoracions redox i \u00e0cid-base, Radiacions UV i productes superabsorbents.\u00a0Mat\u00ed molt interessant, experimentant i&hellip;  <a href=\"https:\/\/agora.xtec.cat\/instarragona\/batxillerat\/de-visita-a-liciq\/\" title=\"Read De visita a l&#8217;ICIQ\">Llegeix m\u00e9s\u00bb<\/a><\/p>\n","protected":false},"author":1,"featured_media":5238,"comment_status":"open","ping_status":"closed","sticky":false,"template":"","format":"standard","meta":{"_bbp_topic_count":0,"_bbp_reply_count":0,"_bbp_total_topic_count":0,"_bbp_total_reply_count":0,"_bbp_voice_count":0,"_bbp_anonymous_reply_count":0,"_bbp_topic_count_hidden":0,"_bbp_reply_count_hidden":0,"_bbp_forum_subforum_count":0,"footnotes":""},"categories":[8,29],"tags":[116,39],"class_list":["post-5237","post","type-post","status-publish","format-standard","has-post-thumbnail","hentry","category-batxillerat","category-portada","tag-ciencies","tag-sortides"],"post_mailing_queue_ids":[],"_links":{"self":[{"href":"https:\/\/agora.xtec.cat\/instarragona\/wp-json\/wp\/v2\/posts\/5237","targetHints":{"allow":["GET"]}}],"collection":[{"href":"https:\/\/agora.xtec.cat\/instarragona\/wp-json\/wp\/v2\/posts"}],"about":[{"href":"https:\/\/agora.xtec.cat\/instarragona\/wp-json\/wp\/v2\/types\/post"}],"author":[{"embeddable":true,"href":"https:\/\/agora.xtec.cat\/instarragona\/wp-json\/wp\/v2\/users\/1"}],"replies":[{"embeddable":true,"href":"https:\/\/agora.xtec.cat\/instarragona\/wp-json\/wp\/v2\/comments?post=5237"}],"version-history":[{"count":3,"href":"https:\/\/agora.xtec.cat\/instarragona\/wp-json\/wp\/v2\/posts\/5237\/revisions"}],"predecessor-version":[{"id":5244,"href":"https:\/\/agora.xtec.cat\/instarragona\/wp-json\/wp\/v2\/posts\/5237\/revisions\/5244"}],"wp:featuredmedia":[{"embeddable":true,"href":"https:\/\/agora.xtec.cat\/instarragona\/wp-json\/wp\/v2\/media\/5238"}],"wp:attachment":[{"href":"https:\/\/agora.xtec.cat\/instarragona\/wp-json\/wp\/v2\/media?parent=5237"}],"wp:term":[{"taxonomy":"category","embeddable":true,"href":"https:\/\/agora.xtec.cat\/instarragona\/wp-json\/wp\/v2\/categories?post=5237"},{"taxonomy":"post_tag","embeddable":true,"href":"https:\/\/agora.xtec.cat\/instarragona\/wp-json\/wp\/v2\/tags?post=5237"}],"curies":[{"name":"wp","href":"https:\/\/api.w.org\/{rel}","templated":true}]}}