{"id":5234,"date":"2024-05-29T09:44:58","date_gmt":"2024-05-29T07:44:58","guid":{"rendered":"https:\/\/agora.xtec.cat\/instarragona\/?p=5234"},"modified":"2024-05-29T09:44:58","modified_gmt":"2024-05-29T07:44:58","slug":"the-taste-of-europe","status":"publish","type":"post","link":"https:\/\/agora.xtec.cat\/instarragona\/eso\/eso-3\/the-taste-of-europe\/","title":{"rendered":"The taste of Europe"},"content":{"rendered":"<p><b>\u201cThe taste of Europe: cuina catalana meets Deutsche K\u00fcche&#8221;.\u00a0<\/b><\/p>\n<p>Aquest \u00e9s el t\u00edtol del nou projecte Erasmus+, una cooperaci\u00f3 entre un institut de D\u00fcsseldorf i nosaltres, l&#8217;institut Tarragona.\u00a0La idea \u00e9s comparar les dietes, valorar les bonances de dieta mediterr\u00e0nia, la import\u00e0ncia del consum de productes estacionals i de Km 0.<\/p>\n<p>La setmana ha comen\u00e7at amb el concurs del logo del projecte.\u00a0Aquest ha estat el resultat de l&#8217;equip guanyador:<\/p>\n<p><img loading=\"lazy\" decoding=\"async\" class=\"aligncenter  wp-image-5235\" src=\"https:\/\/agora.xtec.cat\/instarragona\/wp-content\/uploads\/usu484\/2024\/05\/logo-taste-rodo.png\" alt=\"\" width=\"291\" height=\"291\" srcset=\"https:\/\/agora.xtec.cat\/instarragona\/wp-content\/uploads\/usu484\/2024\/05\/logo-taste-rodo.png 993w, https:\/\/agora.xtec.cat\/instarragona\/wp-content\/uploads\/usu484\/2024\/05\/logo-taste-rodo-300x300.png 300w, https:\/\/agora.xtec.cat\/instarragona\/wp-content\/uploads\/usu484\/2024\/05\/logo-taste-rodo-150x150.png 150w, https:\/\/agora.xtec.cat\/instarragona\/wp-content\/uploads\/usu484\/2024\/05\/logo-taste-rodo-768x768.png 768w\" sizes=\"auto, (max-width: 291px) 100vw, 291px\" \/><\/p>\n<p><img loading=\"lazy\" decoding=\"async\" class=\"aligncenter  wp-image-3391\" src=\"https:\/\/agora.xtec.cat\/instarragona\/wp-content\/uploads\/usu484\/2022\/06\/baixa.png\" alt=\"\" width=\"307\" height=\"67\" srcset=\"https:\/\/agora.xtec.cat\/instarragona\/wp-content\/uploads\/usu484\/2022\/06\/baixa.png 481w, https:\/\/agora.xtec.cat\/instarragona\/wp-content\/uploads\/usu484\/2022\/06\/baixa-300x65.png 300w\" sizes=\"auto, (max-width: 307px) 100vw, 307px\" \/><\/p>\n<p>&nbsp;<\/p>\n","protected":false},"excerpt":{"rendered":"<p>\u201cThe taste of Europe: cuina catalana meets Deutsche K\u00fcche&#8221;.\u00a0<br \/>\nAquest \u00e9s el t\u00edtol del nou projecte Erasmus+, una cooperaci\u00f3 entre un institut de D\u00fcsseldorf i nosaltres, l&#8217;institut Tarragona.\u00a0La idea \u00e9s comparar les dietes, valorar les bonances de dieta mediterr\u00e0nia, la import\u00e0ncia del consum de productes estacionals&hellip;  <a href=\"https:\/\/agora.xtec.cat\/instarragona\/eso\/eso-3\/the-taste-of-europe\/\" title=\"Read The taste of Europe\">Llegeix m\u00e9s\u00bb<\/a><\/p>\n","protected":false},"author":1,"featured_media":5235,"comment_status":"open","ping_status":"closed","sticky":false,"template":"","format":"standard","meta":{"_bbp_topic_count":0,"_bbp_reply_count":0,"_bbp_total_topic_count":0,"_bbp_total_reply_count":0,"_bbp_voice_count":0,"_bbp_anonymous_reply_count":0,"_bbp_topic_count_hidden":0,"_bbp_reply_count_hidden":0,"_bbp_forum_subforum_count":0,"footnotes":""},"categories":[6,29,100],"tags":[145,101],"class_list":["post-5234","post","type-post","status-publish","format-standard","has-post-thumbnail","hentry","category-eso-3","category-portada","category-projectes","tag-erasmus-acretitation","tag-erasmus"],"post_mailing_queue_ids":[],"_links":{"self":[{"href":"https:\/\/agora.xtec.cat\/instarragona\/wp-json\/wp\/v2\/posts\/5234","targetHints":{"allow":["GET"]}}],"collection":[{"href":"https:\/\/agora.xtec.cat\/instarragona\/wp-json\/wp\/v2\/posts"}],"about":[{"href":"https:\/\/agora.xtec.cat\/instarragona\/wp-json\/wp\/v2\/types\/post"}],"author":[{"embeddable":true,"href":"https:\/\/agora.xtec.cat\/instarragona\/wp-json\/wp\/v2\/users\/1"}],"replies":[{"embeddable":true,"href":"https:\/\/agora.xtec.cat\/instarragona\/wp-json\/wp\/v2\/comments?post=5234"}],"version-history":[{"count":1,"href":"https:\/\/agora.xtec.cat\/instarragona\/wp-json\/wp\/v2\/posts\/5234\/revisions"}],"predecessor-version":[{"id":5236,"href":"https:\/\/agora.xtec.cat\/instarragona\/wp-json\/wp\/v2\/posts\/5234\/revisions\/5236"}],"wp:featuredmedia":[{"embeddable":true,"href":"https:\/\/agora.xtec.cat\/instarragona\/wp-json\/wp\/v2\/media\/5235"}],"wp:attachment":[{"href":"https:\/\/agora.xtec.cat\/instarragona\/wp-json\/wp\/v2\/media?parent=5234"}],"wp:term":[{"taxonomy":"category","embeddable":true,"href":"https:\/\/agora.xtec.cat\/instarragona\/wp-json\/wp\/v2\/categories?post=5234"},{"taxonomy":"post_tag","embeddable":true,"href":"https:\/\/agora.xtec.cat\/instarragona\/wp-json\/wp\/v2\/tags?post=5234"}],"curies":[{"name":"wp","href":"https:\/\/api.w.org\/{rel}","templated":true}]}}