{"id":5227,"date":"2024-05-28T09:03:32","date_gmt":"2024-05-28T07:03:32","guid":{"rendered":"https:\/\/agora.xtec.cat\/instarragona\/?p=5227"},"modified":"2024-05-28T09:04:36","modified_gmt":"2024-05-28T07:04:36","slug":"patinets-electrics-a-tgn-si-i-tant-pero-com","status":"publish","type":"post","link":"https:\/\/agora.xtec.cat\/instarragona\/eso\/eso-3\/patinets-electrics-a-tgn-si-i-tant-pero-com\/","title":{"rendered":"Patinets el\u00e8ctrics a Tgn, s\u00ed, i tant! per\u00f2 com?"},"content":{"rendered":"<p>Mossos d&#8217;Esquadra treballa amb el conjunt de la comunitat educativa de Catalunya per donar resposta a les necessitats de seguretat actuals i futures. Dins d&#8217;aquest marc educatiu, les xerrades que es proposen als instituts sempre les considerem actual\u00edssimes i molt interessants pels nostres alumnes.<\/p>\n<p>Aquesta vegada la visita ha anat dirigida al nostre alumnat de 3r d&#8217;ESO i la tem\u00e0tica ha estat relacionada amb la circulaci\u00f3 vi\u00e0ria, especialment sobre l&#8217;\u00fas i regulaci\u00f3 dels patinets el\u00e8ctrics a la via p\u00fablica.<\/p>\n<p><img loading=\"lazy\" decoding=\"async\" class=\"aligncenter wp-image-5228\" src=\"https:\/\/agora.xtec.cat\/instarragona\/wp-content\/uploads\/usu484\/2024\/05\/Captura-3.png\" alt=\"\" width=\"954\" height=\"735\" srcset=\"https:\/\/agora.xtec.cat\/instarragona\/wp-content\/uploads\/usu484\/2024\/05\/Captura-3.png 1108w, https:\/\/agora.xtec.cat\/instarragona\/wp-content\/uploads\/usu484\/2024\/05\/Captura-3-300x231.png 300w, https:\/\/agora.xtec.cat\/instarragona\/wp-content\/uploads\/usu484\/2024\/05\/Captura-3-1024x789.png 1024w, https:\/\/agora.xtec.cat\/instarragona\/wp-content\/uploads\/usu484\/2024\/05\/Captura-3-768x592.png 768w\" sizes=\"auto, (max-width: 954px) 100vw, 954px\" \/><\/p>\n<p>Uns deixem alguns dels aspectes m\u00e9s rellevants a tenir en compte.<\/p>\n<p><img loading=\"lazy\" decoding=\"async\" class=\"aligncenter wp-image-5229\" src=\"https:\/\/agora.xtec.cat\/instarragona\/wp-content\/uploads\/usu484\/2024\/05\/Captura-4.png\" alt=\"\" width=\"861\" height=\"645\" srcset=\"https:\/\/agora.xtec.cat\/instarragona\/wp-content\/uploads\/usu484\/2024\/05\/Captura-4.png 1109w, https:\/\/agora.xtec.cat\/instarragona\/wp-content\/uploads\/usu484\/2024\/05\/Captura-4-300x225.png 300w, https:\/\/agora.xtec.cat\/instarragona\/wp-content\/uploads\/usu484\/2024\/05\/Captura-4-1024x767.png 1024w, https:\/\/agora.xtec.cat\/instarragona\/wp-content\/uploads\/usu484\/2024\/05\/Captura-4-768x575.png 768w, https:\/\/agora.xtec.cat\/instarragona\/wp-content\/uploads\/usu484\/2024\/05\/Captura-4-200x150.png 200w\" sizes=\"auto, (max-width: 861px) 100vw, 861px\" \/><\/p>\n","protected":false},"excerpt":{"rendered":"<p>Mossos d&#8217;Esquadra treballa amb el conjunt de la comunitat educativa de Catalunya per donar resposta a les necessitats de seguretat actuals i futures. Dins d&#8217;aquest marc educatiu, les xerrades que es proposen als instituts sempre les considerem actual\u00edssimes i molt interessants pels nostres alumnes.<br \/>\nAquesta vegada&hellip;  <a href=\"https:\/\/agora.xtec.cat\/instarragona\/eso\/eso-3\/patinets-electrics-a-tgn-si-i-tant-pero-com\/\" title=\"Read Patinets el\u00e8ctrics a Tgn, s\u00ed, i tant! per\u00f2 com?\">Llegeix m\u00e9s\u00bb<\/a><\/p>\n","protected":false},"author":1,"featured_media":5228,"comment_status":"open","ping_status":"closed","sticky":false,"template":"","format":"standard","meta":{"_bbp_topic_count":0,"_bbp_reply_count":0,"_bbp_total_topic_count":0,"_bbp_total_reply_count":0,"_bbp_voice_count":0,"_bbp_anonymous_reply_count":0,"_bbp_topic_count_hidden":0,"_bbp_reply_count_hidden":0,"_bbp_forum_subforum_count":0,"footnotes":""},"categories":[6,29],"tags":[44],"class_list":["post-5227","post","type-post","status-publish","format-standard","has-post-thumbnail","hentry","category-eso-3","category-portada","tag-xerrades"],"post_mailing_queue_ids":[],"_links":{"self":[{"href":"https:\/\/agora.xtec.cat\/instarragona\/wp-json\/wp\/v2\/posts\/5227","targetHints":{"allow":["GET"]}}],"collection":[{"href":"https:\/\/agora.xtec.cat\/instarragona\/wp-json\/wp\/v2\/posts"}],"about":[{"href":"https:\/\/agora.xtec.cat\/instarragona\/wp-json\/wp\/v2\/types\/post"}],"author":[{"embeddable":true,"href":"https:\/\/agora.xtec.cat\/instarragona\/wp-json\/wp\/v2\/users\/1"}],"replies":[{"embeddable":true,"href":"https:\/\/agora.xtec.cat\/instarragona\/wp-json\/wp\/v2\/comments?post=5227"}],"version-history":[{"count":2,"href":"https:\/\/agora.xtec.cat\/instarragona\/wp-json\/wp\/v2\/posts\/5227\/revisions"}],"predecessor-version":[{"id":5231,"href":"https:\/\/agora.xtec.cat\/instarragona\/wp-json\/wp\/v2\/posts\/5227\/revisions\/5231"}],"wp:featuredmedia":[{"embeddable":true,"href":"https:\/\/agora.xtec.cat\/instarragona\/wp-json\/wp\/v2\/media\/5228"}],"wp:attachment":[{"href":"https:\/\/agora.xtec.cat\/instarragona\/wp-json\/wp\/v2\/media?parent=5227"}],"wp:term":[{"taxonomy":"category","embeddable":true,"href":"https:\/\/agora.xtec.cat\/instarragona\/wp-json\/wp\/v2\/categories?post=5227"},{"taxonomy":"post_tag","embeddable":true,"href":"https:\/\/agora.xtec.cat\/instarragona\/wp-json\/wp\/v2\/tags?post=5227"}],"curies":[{"name":"wp","href":"https:\/\/api.w.org\/{rel}","templated":true}]}}