{"id":5223,"date":"2024-05-28T08:55:56","date_gmt":"2024-05-28T06:55:56","guid":{"rendered":"https:\/\/agora.xtec.cat\/instarragona\/?p=5223"},"modified":"2024-05-28T08:56:15","modified_gmt":"2024-05-28T06:56:15","slug":"certificacio-dels-erasmus-de-llarga-durada","status":"publish","type":"post","link":"https:\/\/agora.xtec.cat\/instarragona\/batxillerat\/certificacio-dels-erasmus-de-llarga-durada\/","title":{"rendered":"Certificaci\u00f3 dels Erasmus de llarga durada"},"content":{"rendered":"<p>Joan, Laia, ja teniu els certificats que us acrediten com a participants del programa d&#8217;Erasmus+ de llarga durada a Alemanya.<\/p>\n<p>Moltes felicitats i&#8230; ja ho sabeu. De moment ja teniu una de les primeres files que podreu afegir al vostre curr\u00edculum professional i personal. No \u00e9s poca cosa, tota una experi\u00e8ncia!<\/p>\n<p><img loading=\"lazy\" decoding=\"async\" class=\"aligncenter size-full wp-image-5224\" src=\"https:\/\/agora.xtec.cat\/instarragona\/wp-content\/uploads\/usu484\/2024\/05\/Captura-2.png\" alt=\"\" width=\"830\" height=\"824\" srcset=\"https:\/\/agora.xtec.cat\/instarragona\/wp-content\/uploads\/usu484\/2024\/05\/Captura-2.png 830w, https:\/\/agora.xtec.cat\/instarragona\/wp-content\/uploads\/usu484\/2024\/05\/Captura-2-300x298.png 300w, https:\/\/agora.xtec.cat\/instarragona\/wp-content\/uploads\/usu484\/2024\/05\/Captura-2-150x150.png 150w, https:\/\/agora.xtec.cat\/instarragona\/wp-content\/uploads\/usu484\/2024\/05\/Captura-2-768x762.png 768w\" sizes=\"auto, (max-width: 830px) 100vw, 830px\" \/><\/p>\n<p style=\"text-align: center;\"><img loading=\"lazy\" decoding=\"async\" class=\"aligncenter size-full wp-image-3391\" src=\"https:\/\/agora.xtec.cat\/instarragona\/wp-content\/uploads\/usu484\/2022\/06\/baixa.png\" alt=\"\" width=\"481\" height=\"105\" srcset=\"https:\/\/agora.xtec.cat\/instarragona\/wp-content\/uploads\/usu484\/2022\/06\/baixa.png 481w, https:\/\/agora.xtec.cat\/instarragona\/wp-content\/uploads\/usu484\/2022\/06\/baixa-300x65.png 300w\" sizes=\"auto, (max-width: 481px) 100vw, 481px\" \/><\/p>\n","protected":false},"excerpt":{"rendered":"<p>Joan, Laia, ja teniu els certificats que us acrediten com a participants del programa d&#8217;Erasmus+ de llarga durada a Alemanya.<br \/>\nMoltes felicitats i&#8230; ja ho sabeu. De moment ja teniu una de les primeres files que podreu afegir al vostre curr\u00edculum professional i personal. No \u00e9s&hellip;  <a href=\"https:\/\/agora.xtec.cat\/instarragona\/batxillerat\/certificacio-dels-erasmus-de-llarga-durada\/\" title=\"Read Certificaci\u00f3 dels Erasmus de llarga durada\">Llegeix m\u00e9s\u00bb<\/a><\/p>\n","protected":false},"author":1,"featured_media":0,"comment_status":"open","ping_status":"closed","sticky":false,"template":"","format":"standard","meta":{"_bbp_topic_count":0,"_bbp_reply_count":0,"_bbp_total_topic_count":0,"_bbp_total_reply_count":0,"_bbp_voice_count":0,"_bbp_anonymous_reply_count":0,"_bbp_topic_count_hidden":0,"_bbp_reply_count_hidden":0,"_bbp_forum_subforum_count":0,"footnotes":""},"categories":[8,29,100],"tags":[145,147,101],"class_list":["post-5223","post","type-post","status-publish","format-standard","hentry","category-batxillerat","category-portada","category-projectes","tag-erasmus-acretitation","tag-erasmus-llarga-durada","tag-erasmus"],"post_mailing_queue_ids":[],"_links":{"self":[{"href":"https:\/\/agora.xtec.cat\/instarragona\/wp-json\/wp\/v2\/posts\/5223","targetHints":{"allow":["GET"]}}],"collection":[{"href":"https:\/\/agora.xtec.cat\/instarragona\/wp-json\/wp\/v2\/posts"}],"about":[{"href":"https:\/\/agora.xtec.cat\/instarragona\/wp-json\/wp\/v2\/types\/post"}],"author":[{"embeddable":true,"href":"https:\/\/agora.xtec.cat\/instarragona\/wp-json\/wp\/v2\/users\/1"}],"replies":[{"embeddable":true,"href":"https:\/\/agora.xtec.cat\/instarragona\/wp-json\/wp\/v2\/comments?post=5223"}],"version-history":[{"count":2,"href":"https:\/\/agora.xtec.cat\/instarragona\/wp-json\/wp\/v2\/posts\/5223\/revisions"}],"predecessor-version":[{"id":5226,"href":"https:\/\/agora.xtec.cat\/instarragona\/wp-json\/wp\/v2\/posts\/5223\/revisions\/5226"}],"wp:attachment":[{"href":"https:\/\/agora.xtec.cat\/instarragona\/wp-json\/wp\/v2\/media?parent=5223"}],"wp:term":[{"taxonomy":"category","embeddable":true,"href":"https:\/\/agora.xtec.cat\/instarragona\/wp-json\/wp\/v2\/categories?post=5223"},{"taxonomy":"post_tag","embeddable":true,"href":"https:\/\/agora.xtec.cat\/instarragona\/wp-json\/wp\/v2\/tags?post=5223"}],"curies":[{"name":"wp","href":"https:\/\/api.w.org\/{rel}","templated":true}]}}