{"id":5218,"date":"2024-05-28T08:48:45","date_gmt":"2024-05-28T06:48:45","guid":{"rendered":"https:\/\/agora.xtec.cat\/instarragona\/?p=5218"},"modified":"2024-05-28T08:50:05","modified_gmt":"2024-05-28T06:50:05","slug":"presentacio-de-lodissea","status":"publish","type":"post","link":"https:\/\/agora.xtec.cat\/instarragona\/portada\/presentacio-de-lodissea\/","title":{"rendered":"Presentaci\u00f3 de l&#8217;Odissea"},"content":{"rendered":"<div>\n<div>\n<div dir=\"ltr\">\n<div>\n<div dir=\"ltr\">\n<div>\n<div dir=\"ltr\">\n<p>Tot un honor pel centre que la nostra professora i companya Juana Mart\u00ednez hagi presentat el llibre que podeu veure a continuaci\u00f3, una magn\u00edfica adaptaci\u00f3 juvenil de L&#8217;Odissea. La presentaci\u00f3 es va fer juntament amb la Gemma Fortea i en companyia de l&#8217;autora, Meritxell Blai i la il.lustradora Genie Espinosa, durant els actes de <strong><a href=\"https:\/\/tarracoviva.com\/\" target=\"_blank\" rel=\"noopener\">Tarraco Viva 2024<\/a><\/strong>, en aquesta incansable i apassionant divulgaci\u00f3 del m\u00f3n cl\u00e0ssic.<\/p>\n<p><img loading=\"lazy\" decoding=\"async\" class=\"aligncenter size-full wp-image-5219\" src=\"https:\/\/agora.xtec.cat\/instarragona\/wp-content\/uploads\/usu484\/2024\/05\/Captura-1.png\" alt=\"\" width=\"459\" height=\"529\" srcset=\"https:\/\/agora.xtec.cat\/instarragona\/wp-content\/uploads\/usu484\/2024\/05\/Captura-1.png 459w, https:\/\/agora.xtec.cat\/instarragona\/wp-content\/uploads\/usu484\/2024\/05\/Captura-1-260x300.png 260w\" sizes=\"auto, (max-width: 459px) 100vw, 459px\" \/><\/p>\n<p>&nbsp;<\/p>\n<\/div>\n<\/div>\n<\/div>\n<\/div>\n<\/div>\n<\/div>\n<\/div>\n","protected":false},"excerpt":{"rendered":"<p>Tot un honor pel centre que la nostra professora i companya Juana Mart\u00ednez hagi presentat el llibre que podeu veure a continuaci\u00f3, una magn\u00edfica adaptaci\u00f3 juvenil de L&#8217;Odissea. La presentaci\u00f3 es va fer juntament amb la Gemma Fortea i en companyia de l&#8217;autora, Meritxell Blai&hellip;  <a href=\"https:\/\/agora.xtec.cat\/instarragona\/portada\/presentacio-de-lodissea\/\" title=\"Read Presentaci\u00f3 de l&#8217;Odissea\">Llegeix m\u00e9s\u00bb<\/a><\/p>\n","protected":false},"author":1,"featured_media":0,"comment_status":"open","ping_status":"closed","sticky":false,"template":"","format":"standard","meta":{"_bbp_topic_count":0,"_bbp_reply_count":0,"_bbp_total_topic_count":0,"_bbp_total_reply_count":0,"_bbp_voice_count":0,"_bbp_anonymous_reply_count":0,"_bbp_topic_count_hidden":0,"_bbp_reply_count_hidden":0,"_bbp_forum_subforum_count":0,"footnotes":""},"categories":[29],"tags":[118],"class_list":["post-5218","post","type-post","status-publish","format-standard","hentry","category-portada","tag-llati"],"post_mailing_queue_ids":[],"_links":{"self":[{"href":"https:\/\/agora.xtec.cat\/instarragona\/wp-json\/wp\/v2\/posts\/5218","targetHints":{"allow":["GET"]}}],"collection":[{"href":"https:\/\/agora.xtec.cat\/instarragona\/wp-json\/wp\/v2\/posts"}],"about":[{"href":"https:\/\/agora.xtec.cat\/instarragona\/wp-json\/wp\/v2\/types\/post"}],"author":[{"embeddable":true,"href":"https:\/\/agora.xtec.cat\/instarragona\/wp-json\/wp\/v2\/users\/1"}],"replies":[{"embeddable":true,"href":"https:\/\/agora.xtec.cat\/instarragona\/wp-json\/wp\/v2\/comments?post=5218"}],"version-history":[{"count":3,"href":"https:\/\/agora.xtec.cat\/instarragona\/wp-json\/wp\/v2\/posts\/5218\/revisions"}],"predecessor-version":[{"id":5222,"href":"https:\/\/agora.xtec.cat\/instarragona\/wp-json\/wp\/v2\/posts\/5218\/revisions\/5222"}],"wp:attachment":[{"href":"https:\/\/agora.xtec.cat\/instarragona\/wp-json\/wp\/v2\/media?parent=5218"}],"wp:term":[{"taxonomy":"category","embeddable":true,"href":"https:\/\/agora.xtec.cat\/instarragona\/wp-json\/wp\/v2\/categories?post=5218"},{"taxonomy":"post_tag","embeddable":true,"href":"https:\/\/agora.xtec.cat\/instarragona\/wp-json\/wp\/v2\/tags?post=5218"}],"curies":[{"name":"wp","href":"https:\/\/api.w.org\/{rel}","templated":true}]}}