{"id":5168,"date":"2024-05-13T13:19:44","date_gmt":"2024-05-13T11:19:44","guid":{"rendered":"https:\/\/agora.xtec.cat\/instarragona\/?p=5168"},"modified":"2024-06-18T13:51:05","modified_gmt":"2024-06-18T11:51:05","slug":"com-sona-leso-2","status":"publish","type":"post","link":"https:\/\/agora.xtec.cat\/instarragona\/eso\/eso-3\/com-sona-leso-2\/","title":{"rendered":"Com sona l&#8217;ESO"},"content":{"rendered":"<p>Durant aquests darrers dies, alguns dels nostres alumnes han participat a <strong><a href=\"https:\/\/www.comsonaleso.com\/\" target=\"_blank\" rel=\"noopener\">Com sona l&#8217;ESO.<\/a><\/strong><\/p>\n<p>Aquest curs s&#8217;ha celebrat a l&#8217;Altea, la trobada anual d\u2019alumnat i professorat de m\u00fasica de secund\u00e0ria i batxillerat on es prepara un gran concert conjunt: 1500 persones cantant, ballant i tocant. Una experi\u00e8ncia \u00fanica i espectacular. Una aposta de l\u2019escola p\u00fablica per a l\u2019escola p\u00fablica. Un petit reportatge de 3Cat clicant <strong><a href=\"https:\/\/www.ccma.cat\/3cat\/com-sona-leso\/video\/227453446\/\" target=\"_blank\" rel=\"noopener\">aqu\u00ed<\/a><\/strong>.<\/p>\n<p style=\"text-align: center;\">Aquest ha estat el resultat final. Com sempre, fant\u00e0stic! De moment aqu\u00ed teniu algunes de les <a href=\"https:\/\/drive.google.com\/drive\/folders\/1-sAxuItf0dMSogVXZdngeiIHR5C6bbEg?usp=sharing\" target=\"_blank\" rel=\"noopener\"><strong>fotos<\/strong><\/a> fetes durant la preparaci\u00f3, assajos i conviv\u00e8ncia del concert:<\/p>\n<p style=\"text-align: center;\"><iframe loading=\"lazy\" title=\"YouTube video player\" src=\"https:\/\/www.youtube.com\/embed\/-9YLLDCGms8?si=ZxdUiir9ytbrz0S5\" width=\"560\" height=\"315\" frameborder=\"0\" allowfullscreen=\"allowfullscreen\"><\/iframe><\/p>\n<h2 style=\"text-align: center;\"><span style=\"color: #008000;\"><strong>CO-ME-DIANT!<\/strong><\/span><\/h2>\n<table style=\"border-collapse: collapse; width: 100%;\">\n<tbody>\n<tr>\n<td style=\"width: 50%;\"><img loading=\"lazy\" decoding=\"async\" class=\"aligncenter size-full wp-image-5170\" src=\"https:\/\/agora.xtec.cat\/instarragona\/wp-content\/uploads\/usu484\/2024\/05\/c83b70bf-a509-4457-8057-f1c7bf93fc85.jpg\" alt=\"\" width=\"2048\" height=\"1536\" srcset=\"https:\/\/agora.xtec.cat\/instarragona\/wp-content\/uploads\/usu484\/2024\/05\/c83b70bf-a509-4457-8057-f1c7bf93fc85.jpg 2048w, https:\/\/agora.xtec.cat\/instarragona\/wp-content\/uploads\/usu484\/2024\/05\/c83b70bf-a509-4457-8057-f1c7bf93fc85-300x225.jpg 300w, https:\/\/agora.xtec.cat\/instarragona\/wp-content\/uploads\/usu484\/2024\/05\/c83b70bf-a509-4457-8057-f1c7bf93fc85-1024x768.jpg 1024w, https:\/\/agora.xtec.cat\/instarragona\/wp-content\/uploads\/usu484\/2024\/05\/c83b70bf-a509-4457-8057-f1c7bf93fc85-768x576.jpg 768w, https:\/\/agora.xtec.cat\/instarragona\/wp-content\/uploads\/usu484\/2024\/05\/c83b70bf-a509-4457-8057-f1c7bf93fc85-1536x1152.jpg 1536w, https:\/\/agora.xtec.cat\/instarragona\/wp-content\/uploads\/usu484\/2024\/05\/c83b70bf-a509-4457-8057-f1c7bf93fc85-200x150.jpg 200w\" sizes=\"auto, (max-width: 2048px) 100vw, 2048px\" \/><\/td>\n<td style=\"width: 50%;\"><img loading=\"lazy\" decoding=\"async\" class=\"aligncenter size-full wp-image-5171\" src=\"https:\/\/agora.xtec.cat\/instarragona\/wp-content\/uploads\/usu484\/2024\/05\/8e6b3615-13a1-4e5f-8a2d-df2cabae1f37.jpg\" alt=\"\" width=\"1600\" height=\"1200\" srcset=\"https:\/\/agora.xtec.cat\/instarragona\/wp-content\/uploads\/usu484\/2024\/05\/8e6b3615-13a1-4e5f-8a2d-df2cabae1f37.jpg 1600w, https:\/\/agora.xtec.cat\/instarragona\/wp-content\/uploads\/usu484\/2024\/05\/8e6b3615-13a1-4e5f-8a2d-df2cabae1f37-300x225.jpg 300w, https:\/\/agora.xtec.cat\/instarragona\/wp-content\/uploads\/usu484\/2024\/05\/8e6b3615-13a1-4e5f-8a2d-df2cabae1f37-1024x768.jpg 1024w, https:\/\/agora.xtec.cat\/instarragona\/wp-content\/uploads\/usu484\/2024\/05\/8e6b3615-13a1-4e5f-8a2d-df2cabae1f37-768x576.jpg 768w, https:\/\/agora.xtec.cat\/instarragona\/wp-content\/uploads\/usu484\/2024\/05\/8e6b3615-13a1-4e5f-8a2d-df2cabae1f37-1536x1152.jpg 1536w, https:\/\/agora.xtec.cat\/instarragona\/wp-content\/uploads\/usu484\/2024\/05\/8e6b3615-13a1-4e5f-8a2d-df2cabae1f37-200x150.jpg 200w\" sizes=\"auto, (max-width: 1600px) 100vw, 1600px\" \/><\/td>\n<\/tr>\n<tr>\n<td style=\"width: 50%;\"><img loading=\"lazy\" decoding=\"async\" class=\"aligncenter size-full wp-image-5172\" src=\"https:\/\/agora.xtec.cat\/instarragona\/wp-content\/uploads\/usu484\/2024\/05\/f720394a-86bb-41be-a27d-3d66bc7466ec.jpg\" alt=\"\" width=\"1600\" height=\"1200\" srcset=\"https:\/\/agora.xtec.cat\/instarragona\/wp-content\/uploads\/usu484\/2024\/05\/f720394a-86bb-41be-a27d-3d66bc7466ec.jpg 1600w, https:\/\/agora.xtec.cat\/instarragona\/wp-content\/uploads\/usu484\/2024\/05\/f720394a-86bb-41be-a27d-3d66bc7466ec-300x225.jpg 300w, https:\/\/agora.xtec.cat\/instarragona\/wp-content\/uploads\/usu484\/2024\/05\/f720394a-86bb-41be-a27d-3d66bc7466ec-1024x768.jpg 1024w, https:\/\/agora.xtec.cat\/instarragona\/wp-content\/uploads\/usu484\/2024\/05\/f720394a-86bb-41be-a27d-3d66bc7466ec-768x576.jpg 768w, https:\/\/agora.xtec.cat\/instarragona\/wp-content\/uploads\/usu484\/2024\/05\/f720394a-86bb-41be-a27d-3d66bc7466ec-1536x1152.jpg 1536w, https:\/\/agora.xtec.cat\/instarragona\/wp-content\/uploads\/usu484\/2024\/05\/f720394a-86bb-41be-a27d-3d66bc7466ec-200x150.jpg 200w\" sizes=\"auto, (max-width: 1600px) 100vw, 1600px\" \/><\/td>\n<td style=\"width: 50%;\"><img loading=\"lazy\" decoding=\"async\" class=\"aligncenter size-full wp-image-5173\" src=\"https:\/\/agora.xtec.cat\/instarragona\/wp-content\/uploads\/usu484\/2024\/05\/58294401-ef35-41ba-ba68-9dc616a80067.jpg\" alt=\"\" width=\"1600\" height=\"1200\" srcset=\"https:\/\/agora.xtec.cat\/instarragona\/wp-content\/uploads\/usu484\/2024\/05\/58294401-ef35-41ba-ba68-9dc616a80067.jpg 1600w, https:\/\/agora.xtec.cat\/instarragona\/wp-content\/uploads\/usu484\/2024\/05\/58294401-ef35-41ba-ba68-9dc616a80067-300x225.jpg 300w, https:\/\/agora.xtec.cat\/instarragona\/wp-content\/uploads\/usu484\/2024\/05\/58294401-ef35-41ba-ba68-9dc616a80067-1024x768.jpg 1024w, https:\/\/agora.xtec.cat\/instarragona\/wp-content\/uploads\/usu484\/2024\/05\/58294401-ef35-41ba-ba68-9dc616a80067-768x576.jpg 768w, https:\/\/agora.xtec.cat\/instarragona\/wp-content\/uploads\/usu484\/2024\/05\/58294401-ef35-41ba-ba68-9dc616a80067-1536x1152.jpg 1536w, https:\/\/agora.xtec.cat\/instarragona\/wp-content\/uploads\/usu484\/2024\/05\/58294401-ef35-41ba-ba68-9dc616a80067-200x150.jpg 200w\" sizes=\"auto, (max-width: 1600px) 100vw, 1600px\" \/><\/td>\n<\/tr>\n<\/tbody>\n<\/table>\n<p>S\u00faper incre\u00efble, s\u00faper emocionant, s\u00faper bonic&#8230;. S\u00daPER TOT!<\/p>\n","protected":false},"excerpt":{"rendered":"<p>Durant aquests darrers dies, alguns dels nostres alumnes han participat a <a href=\"https:\/\/www.comsonaleso.com\/\" target=\"_blank\" rel=\"noopener\">Com sona l&#8217;ESO.<\/a><br \/>\nAquest curs s&#8217;ha celebrat a l&#8217;Altea, la trobada anual d\u2019alumnat i professorat de m\u00fasica de secund\u00e0ria i batxillerat on es prepara un gran concert conjunt: 1500 persones cantant, ballant&hellip;  <a href=\"https:\/\/agora.xtec.cat\/instarragona\/eso\/eso-3\/com-sona-leso-2\/\" title=\"Read Com sona l&#8217;ESO\">Llegeix m\u00e9s\u00bb<\/a><\/p>\n","protected":false},"author":1,"featured_media":5169,"comment_status":"open","ping_status":"closed","sticky":false,"template":"","format":"standard","meta":{"_bbp_topic_count":0,"_bbp_reply_count":0,"_bbp_total_topic_count":0,"_bbp_total_reply_count":0,"_bbp_voice_count":0,"_bbp_anonymous_reply_count":0,"_bbp_topic_count_hidden":0,"_bbp_reply_count_hidden":0,"_bbp_forum_subforum_count":0,"footnotes":""},"categories":[6,29],"tags":[111,39],"class_list":["post-5168","post","type-post","status-publish","format-standard","has-post-thumbnail","hentry","category-eso-3","category-portada","tag-musica","tag-sortides"],"post_mailing_queue_ids":[],"_links":{"self":[{"href":"https:\/\/agora.xtec.cat\/instarragona\/wp-json\/wp\/v2\/posts\/5168","targetHints":{"allow":["GET"]}}],"collection":[{"href":"https:\/\/agora.xtec.cat\/instarragona\/wp-json\/wp\/v2\/posts"}],"about":[{"href":"https:\/\/agora.xtec.cat\/instarragona\/wp-json\/wp\/v2\/types\/post"}],"author":[{"embeddable":true,"href":"https:\/\/agora.xtec.cat\/instarragona\/wp-json\/wp\/v2\/users\/1"}],"replies":[{"embeddable":true,"href":"https:\/\/agora.xtec.cat\/instarragona\/wp-json\/wp\/v2\/comments?post=5168"}],"version-history":[{"count":5,"href":"https:\/\/agora.xtec.cat\/instarragona\/wp-json\/wp\/v2\/posts\/5168\/revisions"}],"predecessor-version":[{"id":5360,"href":"https:\/\/agora.xtec.cat\/instarragona\/wp-json\/wp\/v2\/posts\/5168\/revisions\/5360"}],"wp:featuredmedia":[{"embeddable":true,"href":"https:\/\/agora.xtec.cat\/instarragona\/wp-json\/wp\/v2\/media\/5169"}],"wp:attachment":[{"href":"https:\/\/agora.xtec.cat\/instarragona\/wp-json\/wp\/v2\/media?parent=5168"}],"wp:term":[{"taxonomy":"category","embeddable":true,"href":"https:\/\/agora.xtec.cat\/instarragona\/wp-json\/wp\/v2\/categories?post=5168"},{"taxonomy":"post_tag","embeddable":true,"href":"https:\/\/agora.xtec.cat\/instarragona\/wp-json\/wp\/v2\/tags?post=5168"}],"curies":[{"name":"wp","href":"https:\/\/api.w.org\/{rel}","templated":true}]}}