{"id":5158,"date":"2024-05-06T09:47:27","date_gmt":"2024-05-06T07:47:27","guid":{"rendered":"https:\/\/agora.xtec.cat\/instarragona\/?p=5158"},"modified":"2024-05-06T09:47:48","modified_gmt":"2024-05-06T07:47:48","slug":"perspectiva-historica-els-1rs-cristians-per-tarraco","status":"publish","type":"post","link":"https:\/\/agora.xtec.cat\/instarragona\/eso\/eso-1\/perspectiva-historica-els-1rs-cristians-per-tarraco\/","title":{"rendered":"Perspectiva hist\u00f2rica, els 1rs cristians per T\u00e0rraco."},"content":{"rendered":"<p><span style=\"font-weight: 400;\">Els alumnes de Religi\u00f3 de 1r d\u2019ESO hem fet un passeig en el temps. Hem resseguit les passes dels primers cristians de T\u00e0rraco, des de l&#8217;Amfiteatre fins a la Bas\u00edlica Paleocristiana del Parc Central. Tamb\u00e9, hem descobert algunes llegendes al peu de la catedral. Tota una lli\u00e7\u00f3 d\u2019hist\u00f2ria!<\/span><\/p>\n<table style=\"border-collapse: collapse; width: 100%;\">\n<tbody>\n<tr>\n<td style=\"width: 50%; text-align: center;\"><img loading=\"lazy\" decoding=\"async\" class=\"aligncenter size-full wp-image-5159\" src=\"https:\/\/agora.xtec.cat\/instarragona\/wp-content\/uploads\/usu484\/2024\/05\/Captura-de-pantalla-2024-05-06-094406.png\" alt=\"\" width=\"1021\" height=\"770\" srcset=\"https:\/\/agora.xtec.cat\/instarragona\/wp-content\/uploads\/usu484\/2024\/05\/Captura-de-pantalla-2024-05-06-094406.png 1021w, https:\/\/agora.xtec.cat\/instarragona\/wp-content\/uploads\/usu484\/2024\/05\/Captura-de-pantalla-2024-05-06-094406-300x226.png 300w, https:\/\/agora.xtec.cat\/instarragona\/wp-content\/uploads\/usu484\/2024\/05\/Captura-de-pantalla-2024-05-06-094406-768x579.png 768w, https:\/\/agora.xtec.cat\/instarragona\/wp-content\/uploads\/usu484\/2024\/05\/Captura-de-pantalla-2024-05-06-094406-200x150.png 200w\" sizes=\"auto, (max-width: 1021px) 100vw, 1021px\" \/><\/td>\n<td style=\"width: 50%; text-align: center;\"><img loading=\"lazy\" decoding=\"async\" class=\"aligncenter size-full wp-image-5160\" src=\"https:\/\/agora.xtec.cat\/instarragona\/wp-content\/uploads\/usu484\/2024\/05\/Captura-de-pantalla-2024-05-06-094347.png\" alt=\"\" width=\"1034\" height=\"764\" srcset=\"https:\/\/agora.xtec.cat\/instarragona\/wp-content\/uploads\/usu484\/2024\/05\/Captura-de-pantalla-2024-05-06-094347.png 1034w, https:\/\/agora.xtec.cat\/instarragona\/wp-content\/uploads\/usu484\/2024\/05\/Captura-de-pantalla-2024-05-06-094347-300x222.png 300w, https:\/\/agora.xtec.cat\/instarragona\/wp-content\/uploads\/usu484\/2024\/05\/Captura-de-pantalla-2024-05-06-094347-1024x757.png 1024w, https:\/\/agora.xtec.cat\/instarragona\/wp-content\/uploads\/usu484\/2024\/05\/Captura-de-pantalla-2024-05-06-094347-768x567.png 768w\" sizes=\"auto, (max-width: 1034px) 100vw, 1034px\" \/><\/td>\n<\/tr>\n<tr>\n<td style=\"width: 50%; text-align: center;\"><img loading=\"lazy\" decoding=\"async\" class=\"aligncenter size-full wp-image-5161\" src=\"https:\/\/agora.xtec.cat\/instarragona\/wp-content\/uploads\/usu484\/2024\/05\/Captura-de-pantalla-2024-05-06-094446.png\" alt=\"\" width=\"1000\" height=\"727\" srcset=\"https:\/\/agora.xtec.cat\/instarragona\/wp-content\/uploads\/usu484\/2024\/05\/Captura-de-pantalla-2024-05-06-094446.png 1000w, https:\/\/agora.xtec.cat\/instarragona\/wp-content\/uploads\/usu484\/2024\/05\/Captura-de-pantalla-2024-05-06-094446-300x218.png 300w, https:\/\/agora.xtec.cat\/instarragona\/wp-content\/uploads\/usu484\/2024\/05\/Captura-de-pantalla-2024-05-06-094446-768x558.png 768w\" sizes=\"auto, (max-width: 1000px) 100vw, 1000px\" \/><\/td>\n<td style=\"width: 50%; text-align: center;\"><img loading=\"lazy\" decoding=\"async\" class=\"aligncenter wp-image-5162\" src=\"https:\/\/agora.xtec.cat\/instarragona\/wp-content\/uploads\/usu484\/2024\/05\/Captura-de-pantalla-2024-05-06-094430.png\" alt=\"\" width=\"656\" height=\"491\" srcset=\"https:\/\/agora.xtec.cat\/instarragona\/wp-content\/uploads\/usu484\/2024\/05\/Captura-de-pantalla-2024-05-06-094430.png 1020w, https:\/\/agora.xtec.cat\/instarragona\/wp-content\/uploads\/usu484\/2024\/05\/Captura-de-pantalla-2024-05-06-094430-300x225.png 300w, https:\/\/agora.xtec.cat\/instarragona\/wp-content\/uploads\/usu484\/2024\/05\/Captura-de-pantalla-2024-05-06-094430-768x575.png 768w, https:\/\/agora.xtec.cat\/instarragona\/wp-content\/uploads\/usu484\/2024\/05\/Captura-de-pantalla-2024-05-06-094430-200x150.png 200w\" sizes=\"auto, (max-width: 656px) 100vw, 656px\" \/><\/td>\n<\/tr>\n<\/tbody>\n<\/table>\n<p><a href=\"https:\/\/drive.google.com\/drive\/folders\/1B03uUTJvYS03qbSsGHb_La7OOW5avh5W?usp=sharing\" target=\"_blank\" rel=\"noopener\"><strong>M\u00e9s imatges<\/strong><\/a> sobre l&#8217;activitat.<\/p>\n","protected":false},"excerpt":{"rendered":"<p>Els alumnes de Religi\u00f3 de 1r d\u2019ESO hem fet un passeig en el temps. Hem resseguit les passes dels primers cristians de T\u00e0rraco, des de l&#8217;Amfiteatre fins a la Bas\u00edlica Paleocristiana del Parc Central. Tamb\u00e9, hem descobert algunes llegendes al peu de la catedral. Tota&hellip;  <a href=\"https:\/\/agora.xtec.cat\/instarragona\/eso\/eso-1\/perspectiva-historica-els-1rs-cristians-per-tarraco\/\" title=\"Read Perspectiva hist\u00f2rica, els 1rs cristians per T\u00e0rraco.\">Llegeix m\u00e9s\u00bb<\/a><\/p>\n","protected":false},"author":1,"featured_media":5160,"comment_status":"open","ping_status":"closed","sticky":false,"template":"","format":"standard","meta":{"_bbp_topic_count":0,"_bbp_reply_count":0,"_bbp_total_topic_count":0,"_bbp_total_reply_count":0,"_bbp_voice_count":0,"_bbp_anonymous_reply_count":0,"_bbp_topic_count_hidden":0,"_bbp_reply_count_hidden":0,"_bbp_forum_subforum_count":0,"footnotes":""},"categories":[4,29],"tags":[127,39],"class_list":["post-5158","post","type-post","status-publish","format-standard","has-post-thumbnail","hentry","category-eso-1","category-portada","tag-religio","tag-sortides"],"post_mailing_queue_ids":[],"_links":{"self":[{"href":"https:\/\/agora.xtec.cat\/instarragona\/wp-json\/wp\/v2\/posts\/5158","targetHints":{"allow":["GET"]}}],"collection":[{"href":"https:\/\/agora.xtec.cat\/instarragona\/wp-json\/wp\/v2\/posts"}],"about":[{"href":"https:\/\/agora.xtec.cat\/instarragona\/wp-json\/wp\/v2\/types\/post"}],"author":[{"embeddable":true,"href":"https:\/\/agora.xtec.cat\/instarragona\/wp-json\/wp\/v2\/users\/1"}],"replies":[{"embeddable":true,"href":"https:\/\/agora.xtec.cat\/instarragona\/wp-json\/wp\/v2\/comments?post=5158"}],"version-history":[{"count":1,"href":"https:\/\/agora.xtec.cat\/instarragona\/wp-json\/wp\/v2\/posts\/5158\/revisions"}],"predecessor-version":[{"id":5163,"href":"https:\/\/agora.xtec.cat\/instarragona\/wp-json\/wp\/v2\/posts\/5158\/revisions\/5163"}],"wp:featuredmedia":[{"embeddable":true,"href":"https:\/\/agora.xtec.cat\/instarragona\/wp-json\/wp\/v2\/media\/5160"}],"wp:attachment":[{"href":"https:\/\/agora.xtec.cat\/instarragona\/wp-json\/wp\/v2\/media?parent=5158"}],"wp:term":[{"taxonomy":"category","embeddable":true,"href":"https:\/\/agora.xtec.cat\/instarragona\/wp-json\/wp\/v2\/categories?post=5158"},{"taxonomy":"post_tag","embeddable":true,"href":"https:\/\/agora.xtec.cat\/instarragona\/wp-json\/wp\/v2\/tags?post=5158"}],"curies":[{"name":"wp","href":"https:\/\/api.w.org\/{rel}","templated":true}]}}