{"id":5136,"date":"2024-04-24T09:59:22","date_gmt":"2024-04-24T07:59:22","guid":{"rendered":"https:\/\/agora.xtec.cat\/instarragona\/?p=5136"},"modified":"2024-04-24T09:59:55","modified_gmt":"2024-04-24T07:59:55","slug":"forum-trics-4","status":"publish","type":"post","link":"https:\/\/agora.xtec.cat\/instarragona\/general\/forum-trics-4\/","title":{"rendered":"F\u00f2rum Trics"},"content":{"rendered":"<p>Aquest curs tamb\u00e9 hem tingut l&#8217;oportunitat de participar al F\u00f2rum Trics, un espai on alumnes de 2n de Batxillerat expliquen la seva experi\u00e8ncia del Treball de Recerca a l&#8217;alumnat de 1r de Batxillerat. Moltes gr\u00e0cies als alumnes participants i a l&#8217;organitzaci\u00f3 que ho ha fet possible, el Departament d\u2019Educaci\u00f3 i l\u2019Associaci\u00f3 Empresarial Qu\u00edmica de Tarragona (AEQT). L&#8217;intercanvi d&#8217;experi\u00e8ncies \u00e9s sempre un plaer!<\/p>\n<table style=\"border-collapse: collapse; width: 100%;\">\n<tbody>\n<tr>\n<td style=\"width: 50%;\"><img loading=\"lazy\" decoding=\"async\" class=\"aligncenter size-full wp-image-5139\" src=\"https:\/\/agora.xtec.cat\/instarragona\/wp-content\/uploads\/usu484\/2024\/04\/Captura-de-pantalla-2024-04-24-095244.png\" alt=\"\" width=\"990\" height=\"799\" srcset=\"https:\/\/agora.xtec.cat\/instarragona\/wp-content\/uploads\/usu484\/2024\/04\/Captura-de-pantalla-2024-04-24-095244.png 990w, https:\/\/agora.xtec.cat\/instarragona\/wp-content\/uploads\/usu484\/2024\/04\/Captura-de-pantalla-2024-04-24-095244-300x242.png 300w, https:\/\/agora.xtec.cat\/instarragona\/wp-content\/uploads\/usu484\/2024\/04\/Captura-de-pantalla-2024-04-24-095244-768x620.png 768w\" sizes=\"auto, (max-width: 990px) 100vw, 990px\" \/><\/td>\n<td style=\"width: 50%;\"><img loading=\"lazy\" decoding=\"async\" class=\"aligncenter size-full wp-image-5140\" src=\"https:\/\/agora.xtec.cat\/instarragona\/wp-content\/uploads\/usu484\/2024\/04\/Captura-de-pantalla-2024-04-24-095332.png\" alt=\"\" width=\"1080\" height=\"773\" srcset=\"https:\/\/agora.xtec.cat\/instarragona\/wp-content\/uploads\/usu484\/2024\/04\/Captura-de-pantalla-2024-04-24-095332.png 1080w, https:\/\/agora.xtec.cat\/instarragona\/wp-content\/uploads\/usu484\/2024\/04\/Captura-de-pantalla-2024-04-24-095332-300x215.png 300w, https:\/\/agora.xtec.cat\/instarragona\/wp-content\/uploads\/usu484\/2024\/04\/Captura-de-pantalla-2024-04-24-095332-1024x733.png 1024w, https:\/\/agora.xtec.cat\/instarragona\/wp-content\/uploads\/usu484\/2024\/04\/Captura-de-pantalla-2024-04-24-095332-768x550.png 768w\" sizes=\"auto, (max-width: 1080px) 100vw, 1080px\" \/><\/td>\n<\/tr>\n<tr>\n<td style=\"width: 50%;\"><img loading=\"lazy\" decoding=\"async\" class=\"aligncenter size-full wp-image-5142\" src=\"https:\/\/agora.xtec.cat\/instarragona\/wp-content\/uploads\/usu484\/2024\/04\/Captura-de-pantalla-2024-04-24-095347.png\" alt=\"\" width=\"1096\" height=\"760\" srcset=\"https:\/\/agora.xtec.cat\/instarragona\/wp-content\/uploads\/usu484\/2024\/04\/Captura-de-pantalla-2024-04-24-095347.png 1096w, https:\/\/agora.xtec.cat\/instarragona\/wp-content\/uploads\/usu484\/2024\/04\/Captura-de-pantalla-2024-04-24-095347-300x208.png 300w, https:\/\/agora.xtec.cat\/instarragona\/wp-content\/uploads\/usu484\/2024\/04\/Captura-de-pantalla-2024-04-24-095347-1024x710.png 1024w, https:\/\/agora.xtec.cat\/instarragona\/wp-content\/uploads\/usu484\/2024\/04\/Captura-de-pantalla-2024-04-24-095347-768x533.png 768w\" sizes=\"auto, (max-width: 1096px) 100vw, 1096px\" \/><\/td>\n<td style=\"width: 50%;\"><img loading=\"lazy\" decoding=\"async\" class=\"aligncenter size-full wp-image-5143\" src=\"https:\/\/agora.xtec.cat\/instarragona\/wp-content\/uploads\/usu484\/2024\/04\/Captura-de-pantalla-2024-04-24-095714.png\" alt=\"\" width=\"1302\" height=\"751\" srcset=\"https:\/\/agora.xtec.cat\/instarragona\/wp-content\/uploads\/usu484\/2024\/04\/Captura-de-pantalla-2024-04-24-095714.png 1302w, https:\/\/agora.xtec.cat\/instarragona\/wp-content\/uploads\/usu484\/2024\/04\/Captura-de-pantalla-2024-04-24-095714-300x173.png 300w, https:\/\/agora.xtec.cat\/instarragona\/wp-content\/uploads\/usu484\/2024\/04\/Captura-de-pantalla-2024-04-24-095714-1024x591.png 1024w, https:\/\/agora.xtec.cat\/instarragona\/wp-content\/uploads\/usu484\/2024\/04\/Captura-de-pantalla-2024-04-24-095714-768x443.png 768w\" sizes=\"auto, (max-width: 1302px) 100vw, 1302px\" \/><\/td>\n<\/tr>\n<\/tbody>\n<\/table>\n<p><img loading=\"lazy\" decoding=\"async\" class=\"aligncenter wp-image-5144\" src=\"https:\/\/agora.xtec.cat\/instarragona\/wp-content\/uploads\/usu484\/2024\/04\/Captura-de-pantalla-2024-04-24-095728.png\" alt=\"\" width=\"693\" height=\"624\" srcset=\"https:\/\/agora.xtec.cat\/instarragona\/wp-content\/uploads\/usu484\/2024\/04\/Captura-de-pantalla-2024-04-24-095728.png 938w, https:\/\/agora.xtec.cat\/instarragona\/wp-content\/uploads\/usu484\/2024\/04\/Captura-de-pantalla-2024-04-24-095728-300x270.png 300w, https:\/\/agora.xtec.cat\/instarragona\/wp-content\/uploads\/usu484\/2024\/04\/Captura-de-pantalla-2024-04-24-095728-768x691.png 768w\" sizes=\"auto, (max-width: 693px) 100vw, 693px\" \/><\/p>\n","protected":false},"excerpt":{"rendered":"<p>Aquest curs tamb\u00e9 hem tingut l&#8217;oportunitat de participar al F\u00f2rum Trics, un espai on alumnes de 2n de Batxillerat expliquen la seva experi\u00e8ncia del Treball de Recerca a l&#8217;alumnat de 1r de Batxillerat. Moltes gr\u00e0cies als alumnes participants i a l&#8217;organitzaci\u00f3 que ho ha fet&hellip;  <a href=\"https:\/\/agora.xtec.cat\/instarragona\/general\/forum-trics-4\/\" title=\"Read F\u00f2rum Trics\">Llegeix m\u00e9s\u00bb<\/a><\/p>\n","protected":false},"author":1,"featured_media":5145,"comment_status":"open","ping_status":"closed","sticky":false,"template":"","format":"standard","meta":{"_bbp_topic_count":0,"_bbp_reply_count":0,"_bbp_total_topic_count":0,"_bbp_total_reply_count":0,"_bbp_voice_count":0,"_bbp_anonymous_reply_count":0,"_bbp_topic_count_hidden":0,"_bbp_reply_count_hidden":0,"_bbp_forum_subforum_count":0,"footnotes":""},"categories":[8,1,29],"tags":[],"class_list":["post-5136","post","type-post","status-publish","format-standard","has-post-thumbnail","hentry","category-batxillerat","category-general","category-portada"],"post_mailing_queue_ids":[],"_links":{"self":[{"href":"https:\/\/agora.xtec.cat\/instarragona\/wp-json\/wp\/v2\/posts\/5136","targetHints":{"allow":["GET"]}}],"collection":[{"href":"https:\/\/agora.xtec.cat\/instarragona\/wp-json\/wp\/v2\/posts"}],"about":[{"href":"https:\/\/agora.xtec.cat\/instarragona\/wp-json\/wp\/v2\/types\/post"}],"author":[{"embeddable":true,"href":"https:\/\/agora.xtec.cat\/instarragona\/wp-json\/wp\/v2\/users\/1"}],"replies":[{"embeddable":true,"href":"https:\/\/agora.xtec.cat\/instarragona\/wp-json\/wp\/v2\/comments?post=5136"}],"version-history":[{"count":2,"href":"https:\/\/agora.xtec.cat\/instarragona\/wp-json\/wp\/v2\/posts\/5136\/revisions"}],"predecessor-version":[{"id":5146,"href":"https:\/\/agora.xtec.cat\/instarragona\/wp-json\/wp\/v2\/posts\/5136\/revisions\/5146"}],"wp:featuredmedia":[{"embeddable":true,"href":"https:\/\/agora.xtec.cat\/instarragona\/wp-json\/wp\/v2\/media\/5145"}],"wp:attachment":[{"href":"https:\/\/agora.xtec.cat\/instarragona\/wp-json\/wp\/v2\/media?parent=5136"}],"wp:term":[{"taxonomy":"category","embeddable":true,"href":"https:\/\/agora.xtec.cat\/instarragona\/wp-json\/wp\/v2\/categories?post=5136"},{"taxonomy":"post_tag","embeddable":true,"href":"https:\/\/agora.xtec.cat\/instarragona\/wp-json\/wp\/v2\/tags?post=5136"}],"curies":[{"name":"wp","href":"https:\/\/api.w.org\/{rel}","templated":true}]}}