{"id":5108,"date":"2024-04-22T09:47:20","date_gmt":"2024-04-22T07:47:20","guid":{"rendered":"https:\/\/agora.xtec.cat\/instarragona\/?p=5108"},"modified":"2024-04-22T09:52:47","modified_gmt":"2024-04-22T07:52:47","slug":"lorientacio-es-cosa-de-tots","status":"publish","type":"post","link":"https:\/\/agora.xtec.cat\/instarragona\/eso\/lorientacio-es-cosa-de-tots\/","title":{"rendered":"L&#8217;orientaci\u00f3 \u00e9s cosa de tots"},"content":{"rendered":"<p><span style=\"font-size: large;\">Durant la setmana de l&#8217;orientaci\u00f3 el nostre alumnat de 4t d&#8217;ESO ha participat en activitats de connexi\u00f3 amb el m\u00f3n professional visitant empreses, veient la s\u00e8rie de v\u00eddeos &#8220;Professionals que inspiren&#8221; i participant en les xerrades que els pares i mares van oferir de les seves professions.<br \/>\n<\/span><\/p>\n<p><span style=\"font-size: large;\">Volem agrair a les empreses que ens acullen: Cocinas Santos, Caixa de M\u00fasica, Marina Port T\u00e0rraco i el restaurant AQ per la bona disposici\u00f3 de tots els professionals i la generositat en oferint-nos el seu temps i la seva experi\u00e8ncia.<\/span><\/p>\n<p><span style=\"font-size: large;\">Volem agrair a tots els pares i mares (i exalumne) que han participat en les xerrades pel seu comprom\u00eds i inspiraci\u00f3 pel futur del nostre alumnat.<br \/>\n<\/span><\/p>\n<p><span style=\"font-size: large;\">Segons un estudi recent de l&#8217;OCDE l&#8217;alumnat que\u00a0<\/span><span style=\"font-size: large;\">t\u00e9 experi\u00e8ncies en contextos professionals durant l&#8217;etapa escolar tendeix a aconseguir millors resultats en la seva carrera pr<\/span><span style=\"font-size: large;\">ofessional.\u00a0<\/span><\/p>\n<h4 style=\"text-align: center;\"><span style=\"color: #339966;\"><strong><span style=\"font-size: large;\">L&#8217;orientaci\u00f3 \u00e9s cosa de tots!<\/span><\/strong><\/span><\/h4>\n<table class=\" aligncenter\" style=\"border-collapse: collapse; width: 100%; height: 1917px;\">\n<tbody>\n<tr style=\"height: 270px;\">\n<td style=\"width: 20%; height: 270px;\">\n<p><figure class=\"figure wp-caption aligncenter\"><img loading=\"lazy\" decoding=\"async\" class=\" wp-image-5109\" src=\"https:\/\/agora.xtec.cat\/instarragona\/wp-content\/uploads\/usu484\/2024\/04\/Captura.jpg\" alt=\"\" width=\"273\" height=\"209\" srcset=\"https:\/\/agora.xtec.cat\/instarragona\/wp-content\/uploads\/usu484\/2024\/04\/Captura.jpg 1027w, https:\/\/agora.xtec.cat\/instarragona\/wp-content\/uploads\/usu484\/2024\/04\/Captura-300x230.jpg 300w, https:\/\/agora.xtec.cat\/instarragona\/wp-content\/uploads\/usu484\/2024\/04\/Captura-1024x784.jpg 1024w, https:\/\/agora.xtec.cat\/instarragona\/wp-content\/uploads\/usu484\/2024\/04\/Captura-768x588.jpg 768w\" sizes=\"auto, (max-width: 273px) 100vw, 273px\" \/><figcaption class=\"wp-caption-text\"><strong>Restaurant AQ<\/strong><\/figcaption><\/figure><\/td>\n<td style=\"width: 20%; height: 270px;\">\n<div class=\"mceTemp\"><\/div>\n<p><figure class=\"figure wp-caption aligncenter\"><img loading=\"lazy\" decoding=\"async\" class=\" wp-image-5122\" src=\"https:\/\/agora.xtec.cat\/instarragona\/wp-content\/uploads\/usu484\/2024\/04\/14.jpg\" alt=\"\" width=\"270\" height=\"234\" srcset=\"https:\/\/agora.xtec.cat\/instarragona\/wp-content\/uploads\/usu484\/2024\/04\/14.jpg 677w, https:\/\/agora.xtec.cat\/instarragona\/wp-content\/uploads\/usu484\/2024\/04\/14-300x259.jpg 300w\" sizes=\"auto, (max-width: 270px) 100vw, 270px\" \/><figcaption class=\"wp-caption-text\"><strong>Advocat Andreu Blanquet<\/strong><\/figcaption><\/figure><\/td>\n<td style=\"width: 20%; height: 270px;\">\n<p><figure class=\"figure wp-caption aligncenter\"><img loading=\"lazy\" decoding=\"async\" class=\" wp-image-5111\" src=\"https:\/\/agora.xtec.cat\/instarragona\/wp-content\/uploads\/usu484\/2024\/04\/3.jpg\" alt=\"\" width=\"256\" height=\"255\" srcset=\"https:\/\/agora.xtec.cat\/instarragona\/wp-content\/uploads\/usu484\/2024\/04\/3.jpg 587w, https:\/\/agora.xtec.cat\/instarragona\/wp-content\/uploads\/usu484\/2024\/04\/3-300x298.jpg 300w, https:\/\/agora.xtec.cat\/instarragona\/wp-content\/uploads\/usu484\/2024\/04\/3-150x150.jpg 150w\" sizes=\"auto, (max-width: 256px) 100vw, 256px\" \/><figcaption class=\"wp-caption-text\"><strong>T\u00e8cnic de compres Gino Govaerts<\/strong><\/figcaption><\/figure><\/td>\n<\/tr>\n<tr style=\"height: 251px;\">\n<td style=\"width: 20%; height: 251px;\">\n<p><figure class=\"figure wp-caption aligncenter\"><img loading=\"lazy\" decoding=\"async\" class=\"wp-image-5115 \" src=\"https:\/\/agora.xtec.cat\/instarragona\/wp-content\/uploads\/usu484\/2024\/04\/6.jpg\" alt=\"\" width=\"262\" height=\"205\" srcset=\"https:\/\/agora.xtec.cat\/instarragona\/wp-content\/uploads\/usu484\/2024\/04\/6.jpg 695w, https:\/\/agora.xtec.cat\/instarragona\/wp-content\/uploads\/usu484\/2024\/04\/6-300x234.jpg 300w\" sizes=\"auto, (max-width: 262px) 100vw, 262px\" \/><figcaption class=\"wp-caption-text\"><strong>Terapeuta ocupacional S\u00edlvia Miquel Mu\u00f1oz<\/strong><\/figcaption><\/figure><\/td>\n<td style=\"width: 20%; height: 251px;\">\n<p><figure class=\"figure wp-caption aligncenter\"><img loading=\"lazy\" decoding=\"async\" class=\" wp-image-5116\" src=\"https:\/\/agora.xtec.cat\/instarragona\/wp-content\/uploads\/usu484\/2024\/04\/8.jpg\" alt=\"\" width=\"286\" height=\"211\" srcset=\"https:\/\/agora.xtec.cat\/instarragona\/wp-content\/uploads\/usu484\/2024\/04\/8.jpg 624w, https:\/\/agora.xtec.cat\/instarragona\/wp-content\/uploads\/usu484\/2024\/04\/8-300x221.jpg 300w\" sizes=\"auto, (max-width: 286px) 100vw, 286px\" \/><figcaption class=\"wp-caption-text\"><strong>En\u00f2loga Maruxa Roel Gil<\/strong><\/figcaption><\/figure><\/td>\n<td style=\"width: 20%; height: 251px;\">\n<p><figure class=\"figure wp-caption aligncenter\"><img loading=\"lazy\" decoding=\"async\" class=\"wp-image-5117\" src=\"https:\/\/agora.xtec.cat\/instarragona\/wp-content\/uploads\/usu484\/2024\/04\/9.jpg\" alt=\"\" width=\"287\" height=\"205\" srcset=\"https:\/\/agora.xtec.cat\/instarragona\/wp-content\/uploads\/usu484\/2024\/04\/9.jpg 725w, https:\/\/agora.xtec.cat\/instarragona\/wp-content\/uploads\/usu484\/2024\/04\/9-300x214.jpg 300w\" sizes=\"auto, (max-width: 287px) 100vw, 287px\" \/><figcaption class=\"wp-caption-text\"><strong>Cicles formatius d&#8217;Imatge personal<\/strong><\/figcaption><\/figure><\/td>\n<\/tr>\n<tr style=\"height: 263px;\">\n<td style=\"width: 20%; height: 263px;\">\n<p><figure class=\"figure wp-caption aligncenter\"><img loading=\"lazy\" decoding=\"async\" class=\"wp-image-5121 \" src=\"https:\/\/agora.xtec.cat\/instarragona\/wp-content\/uploads\/usu484\/2024\/04\/13.jpg\" alt=\"\" width=\"272\" height=\"203\" srcset=\"https:\/\/agora.xtec.cat\/instarragona\/wp-content\/uploads\/usu484\/2024\/04\/13.jpg 755w, https:\/\/agora.xtec.cat\/instarragona\/wp-content\/uploads\/usu484\/2024\/04\/13-300x224.jpg 300w, https:\/\/agora.xtec.cat\/instarragona\/wp-content\/uploads\/usu484\/2024\/04\/13-200x150.jpg 200w\" sizes=\"auto, (max-width: 272px) 100vw, 272px\" \/><figcaption class=\"wp-caption-text\"><strong>Educador Social Andreu Berruezo<\/strong><\/figcaption><\/figure><\/td>\n<td style=\"width: 20%; height: 263px;\">\n<p><figure class=\"figure wp-caption aligncenter\"><img loading=\"lazy\" decoding=\"async\" class=\" wp-image-5118\" src=\"https:\/\/agora.xtec.cat\/instarragona\/wp-content\/uploads\/usu484\/2024\/04\/10.jpg\" alt=\"\" width=\"286\" height=\"217\" srcset=\"https:\/\/agora.xtec.cat\/instarragona\/wp-content\/uploads\/usu484\/2024\/04\/10.jpg 690w, https:\/\/agora.xtec.cat\/instarragona\/wp-content\/uploads\/usu484\/2024\/04\/10-300x228.jpg 300w\" sizes=\"auto, (max-width: 286px) 100vw, 286px\" \/><figcaption class=\"wp-caption-text\"><strong>Professora de CF Susanna Beltran Casellas<\/strong><\/figcaption><\/figure><\/td>\n<td style=\"width: 20%; height: 263px;\">\n<p><figure class=\"figure wp-caption aligncenter\"><img loading=\"lazy\" decoding=\"async\" class=\" wp-image-5110\" src=\"https:\/\/agora.xtec.cat\/instarragona\/wp-content\/uploads\/usu484\/2024\/04\/2.jpg\" alt=\"\" width=\"241\" height=\"242\" srcset=\"https:\/\/agora.xtec.cat\/instarragona\/wp-content\/uploads\/usu484\/2024\/04\/2.jpg 777w, https:\/\/agora.xtec.cat\/instarragona\/wp-content\/uploads\/usu484\/2024\/04\/2-298x300.jpg 298w, https:\/\/agora.xtec.cat\/instarragona\/wp-content\/uploads\/usu484\/2024\/04\/2-150x150.jpg 150w, https:\/\/agora.xtec.cat\/instarragona\/wp-content\/uploads\/usu484\/2024\/04\/2-768x774.jpg 768w\" sizes=\"auto, (max-width: 241px) 100vw, 241px\" \/><figcaption class=\"wp-caption-text\"><strong>Capsa de m\u00fasica<\/strong><\/figcaption><\/figure><\/td>\n<\/tr>\n<tr style=\"height: 304px;\">\n<td style=\"width: 20%; height: 304px;\">\n<p><figure class=\"figure wp-caption aligncenter\"><img loading=\"lazy\" decoding=\"async\" class=\"wp-image-5125\" src=\"https:\/\/agora.xtec.cat\/instarragona\/wp-content\/uploads\/usu484\/2024\/04\/18.jpg\" alt=\"\" width=\"276\" height=\"252\" srcset=\"https:\/\/agora.xtec.cat\/instarragona\/wp-content\/uploads\/usu484\/2024\/04\/18.jpg 543w, https:\/\/agora.xtec.cat\/instarragona\/wp-content\/uploads\/usu484\/2024\/04\/18-300x275.jpg 300w\" sizes=\"auto, (max-width: 276px) 100vw, 276px\" \/><figcaption class=\"wp-caption-text\"><strong>Investigadora i gestora de projectes Vanessa Torn\u00e9<\/strong><\/figcaption><\/figure><\/td>\n<td style=\"width: 20%; height: 304px;\">\n<figure class=\"figure wp-caption aligncenter\"><img loading=\"lazy\" decoding=\"async\" class=\"wp-image-5126\" src=\"https:\/\/agora.xtec.cat\/instarragona\/wp-content\/uploads\/usu484\/2024\/04\/19.jpg\" alt=\"\" width=\"305\" height=\"247\" srcset=\"https:\/\/agora.xtec.cat\/instarragona\/wp-content\/uploads\/usu484\/2024\/04\/19.jpg 682w, https:\/\/agora.xtec.cat\/instarragona\/wp-content\/uploads\/usu484\/2024\/04\/19-300x243.jpg 300w\" sizes=\"auto, (max-width: 305px) 100vw, 305px\" \/><figcaption class=\"wp-caption-text\"><strong>Investigadora o professora de la URV Marta Salas<\/strong><\/figcaption><\/figure>\n<p><strong>\u00a0 \u00a0 \u00a0 \u00a0 \u00a0 \u00a0 \u00a0<\/strong><\/td>\n<td style=\"width: 20%; height: 304px;\">\n<p><figure class=\"figure wp-caption aligncenter\"><img loading=\"lazy\" decoding=\"async\" class=\"wp-image-5127 \" src=\"https:\/\/agora.xtec.cat\/instarragona\/wp-content\/uploads\/usu484\/2024\/04\/20.jpg\" alt=\"\" width=\"322\" height=\"224\" srcset=\"https:\/\/agora.xtec.cat\/instarragona\/wp-content\/uploads\/usu484\/2024\/04\/20.jpg 687w, https:\/\/agora.xtec.cat\/instarragona\/wp-content\/uploads\/usu484\/2024\/04\/20-300x209.jpg 300w\" sizes=\"auto, (max-width: 322px) 100vw, 322px\" \/><figcaption class=\"wp-caption-text\"><strong>Director comercial i formador en ventes Javier Ganz\u00e1lez Linares<\/strong><\/figcaption><\/figure><\/td>\n<\/tr>\n<tr style=\"height: 247px;\">\n<td style=\"width: 20%; height: 247px;\">\n<p><figure class=\"figure wp-caption aligncenter\"><img loading=\"lazy\" decoding=\"async\" class=\"size-full wp-image-5130\" src=\"https:\/\/agora.xtec.cat\/instarragona\/wp-content\/uploads\/usu484\/2024\/04\/Captura-1.jpg\" alt=\"\" width=\"264\" height=\"173\" \/><figcaption class=\"wp-caption-text\"><strong>Cocinas Santos<\/strong><\/figcaption><\/figure><\/td>\n<td style=\"width: 20%; height: 247px;\">\n<p><figure class=\"figure wp-caption aligncenter\"><img loading=\"lazy\" decoding=\"async\" class=\" wp-image-5129\" src=\"https:\/\/agora.xtec.cat\/instarragona\/wp-content\/uploads\/usu484\/2024\/04\/22.jpg\" alt=\"\" width=\"295\" height=\"255\" srcset=\"https:\/\/agora.xtec.cat\/instarragona\/wp-content\/uploads\/usu484\/2024\/04\/22.jpg 539w, https:\/\/agora.xtec.cat\/instarragona\/wp-content\/uploads\/usu484\/2024\/04\/22-300x259.jpg 300w\" sizes=\"auto, (max-width: 295px) 100vw, 295px\" \/><figcaption class=\"wp-caption-text\"><strong>Inform\u00e0tic Lluis Adell<\/strong><\/figcaption><\/figure><\/td>\n<td style=\"width: 20%; height: 247px;\">\n<p><figure class=\"figure wp-caption aligncenter\"><img loading=\"lazy\" decoding=\"async\" class=\"wp-image-5128 \" src=\"https:\/\/agora.xtec.cat\/instarragona\/wp-content\/uploads\/usu484\/2024\/04\/21.jpg\" alt=\"\" width=\"321\" height=\"216\" srcset=\"https:\/\/agora.xtec.cat\/instarragona\/wp-content\/uploads\/usu484\/2024\/04\/21.jpg 714w, https:\/\/agora.xtec.cat\/instarragona\/wp-content\/uploads\/usu484\/2024\/04\/21-300x202.jpg 300w\" sizes=\"auto, (max-width: 321px) 100vw, 321px\" \/><figcaption class=\"wp-caption-text\"><strong>Directora resid\u00e8ncia de Salut mental Marina Ferrairo Barber<\/strong><\/figcaption><\/figure><\/td>\n<\/tr>\n<tr style=\"height: 264px;\">\n<td style=\"width: 20%; height: 264px;\">\n<p><figure class=\"figure wp-caption aligncenter\"><img loading=\"lazy\" decoding=\"async\" class=\" wp-image-5113\" src=\"https:\/\/agora.xtec.cat\/instarragona\/wp-content\/uploads\/usu484\/2024\/04\/5c.jpg\" alt=\"\" width=\"270\" height=\"240\" srcset=\"https:\/\/agora.xtec.cat\/instarragona\/wp-content\/uploads\/usu484\/2024\/04\/5c.jpg 574w, https:\/\/agora.xtec.cat\/instarragona\/wp-content\/uploads\/usu484\/2024\/04\/5c-300x267.jpg 300w\" sizes=\"auto, (max-width: 270px) 100vw, 270px\" \/><figcaption class=\"wp-caption-text\"><strong>Sustainability Manager EUS:TSE Judit Bonet<\/strong><\/figcaption><\/figure><\/td>\n<td style=\"width: 20%; height: 264px;\">\n<p><figure class=\"figure wp-caption aligncenter\"><img loading=\"lazy\" decoding=\"async\" class=\"wp-image-5114\" src=\"https:\/\/agora.xtec.cat\/instarragona\/wp-content\/uploads\/usu484\/2024\/04\/4-1.jpg\" alt=\"\" width=\"288\" height=\"248\" srcset=\"https:\/\/agora.xtec.cat\/instarragona\/wp-content\/uploads\/usu484\/2024\/04\/4-1.jpg 748w, https:\/\/agora.xtec.cat\/instarragona\/wp-content\/uploads\/usu484\/2024\/04\/4-1-300x258.jpg 300w\" sizes=\"auto, (max-width: 288px) 100vw, 288px\" \/><figcaption class=\"wp-caption-text\"><strong>Marina Port T\u00e0rraco<\/strong><\/figcaption><\/figure><\/td>\n<td style=\"width: 20%; height: 264px;\">\n<p><figure class=\"figure wp-caption aligncenter\"><img loading=\"lazy\" decoding=\"async\" class=\" wp-image-5119\" src=\"https:\/\/agora.xtec.cat\/instarragona\/wp-content\/uploads\/usu484\/2024\/04\/11.jpg\" alt=\"\" width=\"304\" height=\"229\" srcset=\"https:\/\/agora.xtec.cat\/instarragona\/wp-content\/uploads\/usu484\/2024\/04\/11.jpg 765w, https:\/\/agora.xtec.cat\/instarragona\/wp-content\/uploads\/usu484\/2024\/04\/11-300x226.jpg 300w, https:\/\/agora.xtec.cat\/instarragona\/wp-content\/uploads\/usu484\/2024\/04\/11-200x150.jpg 200w\" sizes=\"auto, (max-width: 304px) 100vw, 304px\" \/><figcaption class=\"wp-caption-text\"><strong>Educador f\u00edsic esportiu Sergio Lou Mercad\u00e9<\/strong><\/figcaption><\/figure><\/td>\n<\/tr>\n<tr style=\"height: 254px;\">\n<td style=\"width: 20%; height: 254px;\">\n<p><figure class=\"figure wp-caption aligncenter\"><img loading=\"lazy\" decoding=\"async\" class=\" wp-image-5120\" src=\"https:\/\/agora.xtec.cat\/instarragona\/wp-content\/uploads\/usu484\/2024\/04\/12.jpg\" alt=\"\" width=\"314\" height=\"231\" srcset=\"https:\/\/agora.xtec.cat\/instarragona\/wp-content\/uploads\/usu484\/2024\/04\/12.jpg 728w, https:\/\/agora.xtec.cat\/instarragona\/wp-content\/uploads\/usu484\/2024\/04\/12-300x220.jpg 300w\" sizes=\"auto, (max-width: 314px) 100vw, 314px\" \/><figcaption class=\"wp-caption-text\"><strong>Gestor de projectes Daniel Sancho<\/strong><\/figcaption><\/figure><\/td>\n<td style=\"width: 20%; height: 254px;\">\n<p><figure class=\"figure wp-caption aligncenter\"><img loading=\"lazy\" decoding=\"async\" class=\" wp-image-5123\" src=\"https:\/\/agora.xtec.cat\/instarragona\/wp-content\/uploads\/usu484\/2024\/04\/15.jpg\" alt=\"\" width=\"290\" height=\"228\" srcset=\"https:\/\/agora.xtec.cat\/instarragona\/wp-content\/uploads\/usu484\/2024\/04\/15.jpg 712w, https:\/\/agora.xtec.cat\/instarragona\/wp-content\/uploads\/usu484\/2024\/04\/15-300x236.jpg 300w\" sizes=\"auto, (max-width: 290px) 100vw, 290px\" \/><figcaption class=\"wp-caption-text\"><strong>Infermera Anna Castells Montes<\/strong><\/figcaption><\/figure><\/td>\n<td style=\"width: 20%; height: 254px;\">\n<p><figure class=\"figure wp-caption aligncenter\"><img loading=\"lazy\" decoding=\"async\" class=\" wp-image-5124\" src=\"https:\/\/agora.xtec.cat\/instarragona\/wp-content\/uploads\/usu484\/2024\/04\/17.jpg\" alt=\"\" width=\"294\" height=\"212\" srcset=\"https:\/\/agora.xtec.cat\/instarragona\/wp-content\/uploads\/usu484\/2024\/04\/17.jpg 716w, https:\/\/agora.xtec.cat\/instarragona\/wp-content\/uploads\/usu484\/2024\/04\/17-300x217.jpg 300w\" sizes=\"auto, (max-width: 294px) 100vw, 294px\" \/><figcaption class=\"wp-caption-text\"><strong>Educadora i treballadora social Jordina Mora Gilabert<\/strong><\/figcaption><\/figure><\/td>\n<\/tr>\n<\/tbody>\n<\/table>\n<p style=\"text-align: center;\">\n<p>&nbsp;<\/p>\n<p>&nbsp;<\/p>\n<p>&nbsp;<\/p>\n<p>&nbsp;<\/p>\n<p>&nbsp;<\/p>\n<p>&nbsp;<\/p>\n","protected":false},"excerpt":{"rendered":"<p>Durant la setmana de l&#8217;orientaci\u00f3 el nostre alumnat de 4t d&#8217;ESO ha participat en activitats de connexi\u00f3 amb el m\u00f3n professional visitant empreses, veient la s\u00e8rie de v\u00eddeos &#8220;Professionals que inspiren&#8221; i participant en les xerrades que els pares i mares van oferir de les&hellip;  <a href=\"https:\/\/agora.xtec.cat\/instarragona\/eso\/lorientacio-es-cosa-de-tots\/\" title=\"Read L&#8217;orientaci\u00f3 \u00e9s cosa de tots\">Llegeix m\u00e9s\u00bb<\/a><\/p>\n","protected":false},"author":1,"featured_media":5112,"comment_status":"open","ping_status":"closed","sticky":false,"template":"","format":"standard","meta":{"_bbp_topic_count":0,"_bbp_reply_count":0,"_bbp_total_topic_count":0,"_bbp_total_reply_count":0,"_bbp_voice_count":0,"_bbp_anonymous_reply_count":0,"_bbp_topic_count_hidden":0,"_bbp_reply_count_hidden":0,"_bbp_forum_subforum_count":0,"footnotes":""},"categories":[3,7,29],"tags":[102],"class_list":["post-5108","post","type-post","status-publish","format-standard","has-post-thumbnail","hentry","category-eso","category-eso-4","category-portada","tag-orientacio"],"post_mailing_queue_ids":[],"_links":{"self":[{"href":"https:\/\/agora.xtec.cat\/instarragona\/wp-json\/wp\/v2\/posts\/5108","targetHints":{"allow":["GET"]}}],"collection":[{"href":"https:\/\/agora.xtec.cat\/instarragona\/wp-json\/wp\/v2\/posts"}],"about":[{"href":"https:\/\/agora.xtec.cat\/instarragona\/wp-json\/wp\/v2\/types\/post"}],"author":[{"embeddable":true,"href":"https:\/\/agora.xtec.cat\/instarragona\/wp-json\/wp\/v2\/users\/1"}],"replies":[{"embeddable":true,"href":"https:\/\/agora.xtec.cat\/instarragona\/wp-json\/wp\/v2\/comments?post=5108"}],"version-history":[{"count":5,"href":"https:\/\/agora.xtec.cat\/instarragona\/wp-json\/wp\/v2\/posts\/5108\/revisions"}],"predecessor-version":[{"id":5135,"href":"https:\/\/agora.xtec.cat\/instarragona\/wp-json\/wp\/v2\/posts\/5108\/revisions\/5135"}],"wp:featuredmedia":[{"embeddable":true,"href":"https:\/\/agora.xtec.cat\/instarragona\/wp-json\/wp\/v2\/media\/5112"}],"wp:attachment":[{"href":"https:\/\/agora.xtec.cat\/instarragona\/wp-json\/wp\/v2\/media?parent=5108"}],"wp:term":[{"taxonomy":"category","embeddable":true,"href":"https:\/\/agora.xtec.cat\/instarragona\/wp-json\/wp\/v2\/categories?post=5108"},{"taxonomy":"post_tag","embeddable":true,"href":"https:\/\/agora.xtec.cat\/instarragona\/wp-json\/wp\/v2\/tags?post=5108"}],"curies":[{"name":"wp","href":"https:\/\/api.w.org\/{rel}","templated":true}]}}