{"id":5080,"date":"2024-05-06T09:37:50","date_gmt":"2024-05-06T07:37:50","guid":{"rendered":"https:\/\/agora.xtec.cat\/instarragona\/?p=5080"},"modified":"2024-05-06T09:39:40","modified_gmt":"2024-05-06T07:39:40","slug":"sud-de-franca-amb-1r-de-batxillerat","status":"publish","type":"post","link":"https:\/\/agora.xtec.cat\/instarragona\/batxillerat\/sud-de-franca-amb-1r-de-batxillerat\/","title":{"rendered":"Sud de Fran\u00e7a amb 1r de Batxillerat"},"content":{"rendered":"<p>L&#8217;alumnat de 1r de Batxillerat ha tingut la gran sort de poder fer un viatge pel sud de Fran\u00e7a i gaudir d&#8217;uns dies de descans, conviv\u00e8ncia i descobriments.<\/p>\n<p><script src=\"https:\/\/cdn.jsdelivr.net\/npm\/publicalbum@latest\/embed-ui.min.js\" async><\/script><\/p>\n<div class=\"pa-gallery-player-widget\" style=\"width: 100%; height: 480px; display: none;\" data-link=\"https:\/\/photos.app.goo.gl\/BRZa7Aaoqtowo9sU8\" data-title=\"23-24 Sud Fran\u00e7a 1r Bat\" data-description=\"8 new items added to shared album\"><object data=\"https:\/\/lh3.googleusercontent.com\/pw\/AP1GczPYaF8fd_a-AEDei1MDwm22oQhK1G4aNl6fTX9-MtllDZx4fz5MEwO2bInkQ8MIa8Caq2080-fyx1To1BvDgfGjXnSg-2TZ6dVy3DmP1EklJhxp1i8=w1920-h1080\" width=\"300\" height=\"150\"><\/object><br \/>\n<object data=\"https:\/\/lh3.googleusercontent.com\/pw\/AP1GczNBewpGQ_O7hm2UOeCvjWnXPpIzESPR84mIkuIunJKc-KGmREngwrWOKQtmp9iDfQJPJ9q4599OZQBquOhUoO0hx0RXVHddNzklhP0OPS_W0e7tyII=w1920-h1080\" width=\"300\" height=\"150\"><\/object><br \/>\n<object data=\"https:\/\/lh3.googleusercontent.com\/pw\/AP1GczPgYdQw8_48IMnm4rOR6BJPs1P7rHWSmw2rg5RG3hPxPqcX7IRUFQg1VzHEM4IWOKLm3KuiyvrG3-zZKSJe3p3YnVGXO_I9jS1591IBYFVLjCKOJNg=w1920-h1080\" width=\"300\" height=\"150\"><\/object><br \/>\n<object data=\"https:\/\/lh3.googleusercontent.com\/pw\/AP1GczNajqOL0G8peE7bIrmUgAtOUs-DCG0YoJPnOxySVypppVuTCezrtnYjrN9Yk7nGHHLMzSj966zc_wKZdLxrl7hvwUAiMcZirPWT-8fc_Wz0d5bB3tw=w1920-h1080\" width=\"300\" height=\"150\"><\/object><br \/>\n<object data=\"https:\/\/lh3.googleusercontent.com\/pw\/AP1GczPeYMD7eCuk2P8wLUn3yB_Ly7S1udALuqFvRBImJ3lK3s6JvQcgZ6P7EJWptLyd7_sJ0P207L-hq8fR6g7BBxy7RAggwrvkuVxNQZ_dp8bpI9g-lmU=w1920-h1080\" width=\"300\" height=\"150\"><\/object><br \/>\n<object data=\"https:\/\/lh3.googleusercontent.com\/pw\/AP1GczOD9ItmDQqSiFcPGG_o4p0K5XpypcBENpcbspZPHwYEuja6GsuA87PFV2RGPJjXcSVfOCmNat7lXKwfvh0cRvSaY2koHOG3-IGyW0cw85pcq7-s964=w1920-h1080\" width=\"300\" height=\"150\"><\/object><br \/>\n<object data=\"https:\/\/lh3.googleusercontent.com\/pw\/AP1GczNtlmZisNTGXtHuS4V2I0VfFtLqa3gIf9dVa-fmcumZUnw-QLbORVv8pixLmcbT-FyC5zePyZzQeTfPp8DQNz-I-D6PXnN1RvZ6J2oBhXM8HL1nIxs=w1920-h1080\" width=\"300\" height=\"150\"><\/object><br \/>\n<object data=\"https:\/\/lh3.googleusercontent.com\/pw\/AP1GczM_SrwQRuydbN44l4Ie-k8fYPXKbn_6WWy3wcMdzOj5NMg9skTqtUKtttoxmFLOcjBeQL91Ozj21RBuOJpt04qLUMbB3zk3ZSDmnvhzY8WqTODgkF0=w1920-h1080\" width=\"300\" height=\"150\"><\/object><\/div>\n<p>No voldr\u00edem acabar aquest petit escrit sense mostrar un s\u00faper agra\u00efment al professorat que s&#8217;ha encarregat de la sortida. Sense ells, tot plegat, no hauria estat possible!<\/p>\n","protected":false},"excerpt":{"rendered":"<p>L&#8217;alumnat de 1r de Batxillerat ha tingut la gran sort de poder fer un viatge pel sud de Fran\u00e7a i gaudir d&#8217;uns dies de descans, conviv\u00e8ncia i descobriments.<\/p>\n<p>No voldr\u00edem acabar aquest petit escrit sense mostrar un s\u00faper agra\u00efment al professorat que s&#8217;ha encarregat de la&hellip;  <a href=\"https:\/\/agora.xtec.cat\/instarragona\/batxillerat\/sud-de-franca-amb-1r-de-batxillerat\/\" title=\"Read Sud de Fran\u00e7a amb 1r de Batxillerat\">Llegeix m\u00e9s\u00bb<\/a><\/p>\n","protected":false},"author":1,"featured_media":5157,"comment_status":"open","ping_status":"closed","sticky":false,"template":"","format":"standard","meta":{"_bbp_topic_count":0,"_bbp_reply_count":0,"_bbp_total_topic_count":0,"_bbp_total_reply_count":0,"_bbp_voice_count":0,"_bbp_anonymous_reply_count":0,"_bbp_topic_count_hidden":0,"_bbp_reply_count_hidden":0,"_bbp_forum_subforum_count":0,"footnotes":""},"categories":[8,29],"tags":[39],"class_list":["post-5080","post","type-post","status-publish","format-standard","has-post-thumbnail","hentry","category-batxillerat","category-portada","tag-sortides"],"post_mailing_queue_ids":[],"_links":{"self":[{"href":"https:\/\/agora.xtec.cat\/instarragona\/wp-json\/wp\/v2\/posts\/5080","targetHints":{"allow":["GET"]}}],"collection":[{"href":"https:\/\/agora.xtec.cat\/instarragona\/wp-json\/wp\/v2\/posts"}],"about":[{"href":"https:\/\/agora.xtec.cat\/instarragona\/wp-json\/wp\/v2\/types\/post"}],"author":[{"embeddable":true,"href":"https:\/\/agora.xtec.cat\/instarragona\/wp-json\/wp\/v2\/users\/1"}],"replies":[{"embeddable":true,"href":"https:\/\/agora.xtec.cat\/instarragona\/wp-json\/wp\/v2\/comments?post=5080"}],"version-history":[{"count":1,"href":"https:\/\/agora.xtec.cat\/instarragona\/wp-json\/wp\/v2\/posts\/5080\/revisions"}],"predecessor-version":[{"id":5081,"href":"https:\/\/agora.xtec.cat\/instarragona\/wp-json\/wp\/v2\/posts\/5080\/revisions\/5081"}],"wp:featuredmedia":[{"embeddable":true,"href":"https:\/\/agora.xtec.cat\/instarragona\/wp-json\/wp\/v2\/media\/5157"}],"wp:attachment":[{"href":"https:\/\/agora.xtec.cat\/instarragona\/wp-json\/wp\/v2\/media?parent=5080"}],"wp:term":[{"taxonomy":"category","embeddable":true,"href":"https:\/\/agora.xtec.cat\/instarragona\/wp-json\/wp\/v2\/categories?post=5080"},{"taxonomy":"post_tag","embeddable":true,"href":"https:\/\/agora.xtec.cat\/instarragona\/wp-json\/wp\/v2\/tags?post=5080"}],"curies":[{"name":"wp","href":"https:\/\/api.w.org\/{rel}","templated":true}]}}