{"id":5069,"date":"2024-04-08T09:33:31","date_gmt":"2024-04-08T07:33:31","guid":{"rendered":"https:\/\/agora.xtec.cat\/instarragona\/?p=5069"},"modified":"2024-04-08T09:33:31","modified_gmt":"2024-04-08T07:33:31","slug":"rapejant-injusticies","status":"publish","type":"post","link":"https:\/\/agora.xtec.cat\/instarragona\/eso\/eso-4\/rapejant-injusticies\/","title":{"rendered":"Rapejant injust\u00edcies"},"content":{"rendered":"<p dir=\"ltr\">Aquest dimarts, la classe de 4t d&#8217;ESO D vam tenir la sort d&#8217;assistir a un taller de rap a la Biblioteca P\u00fablica de Tarragona a c\u00e0rrec de <strong><a href=\"https:\/\/versembrant.cat\/xarxes\/\" target=\"_blank\" rel=\"noopener\">Versembrant<\/a><\/strong>. A l\u2019inici del taller vam rebre teoria b\u00e0sica sobre l\u2019origen del rap i la cultura del hip-hop. Tamb\u00e9 vam aprendre com funciona el &#8216;beat&#8217; i els temps en aquest g\u00e8nere musical. Finalment, ho vam posar en pr\u00e0ctica creant un rap sobre els conflictes b\u00e8l\u00b7lics de forma conjunta. Creant el rap vam estar molt entusiasmats i vam gaudir molt de l\u2019activitat.<\/p>\n<p dir=\"ltr\"><img loading=\"lazy\" decoding=\"async\" class=\"aligncenter  wp-image-5070\" src=\"https:\/\/agora.xtec.cat\/instarragona\/wp-content\/uploads\/usu484\/2024\/04\/Captura-de-pantalla-2024-04-08-092454.png\" alt=\"\" width=\"502\" height=\"501\" srcset=\"https:\/\/agora.xtec.cat\/instarragona\/wp-content\/uploads\/usu484\/2024\/04\/Captura-de-pantalla-2024-04-08-092454.png 796w, https:\/\/agora.xtec.cat\/instarragona\/wp-content\/uploads\/usu484\/2024\/04\/Captura-de-pantalla-2024-04-08-092454-300x300.png 300w, https:\/\/agora.xtec.cat\/instarragona\/wp-content\/uploads\/usu484\/2024\/04\/Captura-de-pantalla-2024-04-08-092454-150x150.png 150w, https:\/\/agora.xtec.cat\/instarragona\/wp-content\/uploads\/usu484\/2024\/04\/Captura-de-pantalla-2024-04-08-092454-768x766.png 768w\" sizes=\"auto, (max-width: 502px) 100vw, 502px\" \/><\/p>\n<p dir=\"ltr\" style=\"text-align: center;\"><iframe loading=\"lazy\" title=\"YouTube video player\" src=\"https:\/\/www.youtube.com\/embed\/0yXwyyHjBbY?si=GAEfcX5vR2lM8YJG\" width=\"560\" height=\"315\" frameborder=\"0\" allowfullscreen=\"allowfullscreen\"><\/iframe><\/p>\n<p dir=\"ltr\">Paula S\u00e1nchez i Meritxell Bag\u00e9s &#8211; 4t ESO D<\/p>\n<p dir=\"ltr\">\n","protected":false},"excerpt":{"rendered":"<p>Aquest dimarts, la classe de 4t d&#8217;ESO D vam tenir la sort d&#8217;assistir a un taller de rap a la Biblioteca P\u00fablica de Tarragona a c\u00e0rrec de <a href=\"https:\/\/versembrant.cat\/xarxes\/\" target=\"_blank\" rel=\"noopener\">Versembrant<\/a>. A l\u2019inici del taller vam rebre teoria b\u00e0sica sobre l\u2019origen del rap i la&hellip;  <a href=\"https:\/\/agora.xtec.cat\/instarragona\/eso\/eso-4\/rapejant-injusticies\/\" title=\"Read Rapejant injust\u00edcies\">Llegeix m\u00e9s\u00bb<\/a><\/p>\n","protected":false},"author":1,"featured_media":5071,"comment_status":"open","ping_status":"closed","sticky":false,"template":"","format":"standard","meta":{"_bbp_topic_count":0,"_bbp_reply_count":0,"_bbp_total_topic_count":0,"_bbp_total_reply_count":0,"_bbp_voice_count":0,"_bbp_anonymous_reply_count":0,"_bbp_topic_count_hidden":0,"_bbp_reply_count_hidden":0,"_bbp_forum_subforum_count":0,"footnotes":""},"categories":[7,29],"tags":[],"class_list":["post-5069","post","type-post","status-publish","format-standard","has-post-thumbnail","hentry","category-eso-4","category-portada"],"post_mailing_queue_ids":[],"_links":{"self":[{"href":"https:\/\/agora.xtec.cat\/instarragona\/wp-json\/wp\/v2\/posts\/5069","targetHints":{"allow":["GET"]}}],"collection":[{"href":"https:\/\/agora.xtec.cat\/instarragona\/wp-json\/wp\/v2\/posts"}],"about":[{"href":"https:\/\/agora.xtec.cat\/instarragona\/wp-json\/wp\/v2\/types\/post"}],"author":[{"embeddable":true,"href":"https:\/\/agora.xtec.cat\/instarragona\/wp-json\/wp\/v2\/users\/1"}],"replies":[{"embeddable":true,"href":"https:\/\/agora.xtec.cat\/instarragona\/wp-json\/wp\/v2\/comments?post=5069"}],"version-history":[{"count":1,"href":"https:\/\/agora.xtec.cat\/instarragona\/wp-json\/wp\/v2\/posts\/5069\/revisions"}],"predecessor-version":[{"id":5072,"href":"https:\/\/agora.xtec.cat\/instarragona\/wp-json\/wp\/v2\/posts\/5069\/revisions\/5072"}],"wp:featuredmedia":[{"embeddable":true,"href":"https:\/\/agora.xtec.cat\/instarragona\/wp-json\/wp\/v2\/media\/5071"}],"wp:attachment":[{"href":"https:\/\/agora.xtec.cat\/instarragona\/wp-json\/wp\/v2\/media?parent=5069"}],"wp:term":[{"taxonomy":"category","embeddable":true,"href":"https:\/\/agora.xtec.cat\/instarragona\/wp-json\/wp\/v2\/categories?post=5069"},{"taxonomy":"post_tag","embeddable":true,"href":"https:\/\/agora.xtec.cat\/instarragona\/wp-json\/wp\/v2\/tags?post=5069"}],"curies":[{"name":"wp","href":"https:\/\/api.w.org\/{rel}","templated":true}]}}