{"id":5019,"date":"2024-03-22T18:23:04","date_gmt":"2024-03-22T17:23:04","guid":{"rendered":"https:\/\/agora.xtec.cat\/instarragona\/?p=5019"},"modified":"2024-03-22T18:23:29","modified_gmt":"2024-03-22T17:23:29","slug":"musica-reciclada","status":"publish","type":"post","link":"https:\/\/agora.xtec.cat\/instarragona\/eso\/eso-1\/musica-reciclada\/","title":{"rendered":"M\u00fasica reciclada?"},"content":{"rendered":"<p>Un any m\u00e9s, els nostres alumnes de 1r d\u2019ESO han constru\u00eft instruments musicals amb materials reciclats. Tot i que han predominat els instruments de percussi\u00f3 com les maraques, els pals de pluja, els tambors i, com no, els ukuleles (que ara estan de moda), tamb\u00e9 hem pogut gaudir d\u2019altres m\u00e9s originals com un viol\u00ed, una flauta de bec i un clarinet.<\/p>\n<p><img loading=\"lazy\" decoding=\"async\" class=\"aligncenter size-full wp-image-5020\" src=\"https:\/\/agora.xtec.cat\/instarragona\/wp-content\/uploads\/usu484\/2024\/03\/1-2.jpg\" alt=\"\" width=\"946\" height=\"690\" srcset=\"https:\/\/agora.xtec.cat\/instarragona\/wp-content\/uploads\/usu484\/2024\/03\/1-2.jpg 946w, https:\/\/agora.xtec.cat\/instarragona\/wp-content\/uploads\/usu484\/2024\/03\/1-2-300x219.jpg 300w, https:\/\/agora.xtec.cat\/instarragona\/wp-content\/uploads\/usu484\/2024\/03\/1-2-768x560.jpg 768w\" sizes=\"auto, (max-width: 946px) 100vw, 946px\" \/><\/p>\n","protected":false},"excerpt":{"rendered":"<p>Un any m\u00e9s, els nostres alumnes de 1r d\u2019ESO han constru\u00eft instruments musicals amb materials reciclats. Tot i que han predominat els instruments de percussi\u00f3 com les maraques, els pals de pluja, els tambors i, com no, els ukuleles (que ara estan de moda), tamb\u00e9&hellip;  <a href=\"https:\/\/agora.xtec.cat\/instarragona\/eso\/eso-1\/musica-reciclada\/\" title=\"Read M\u00fasica reciclada?\">Llegeix m\u00e9s\u00bb<\/a><\/p>\n","protected":false},"author":1,"featured_media":0,"comment_status":"open","ping_status":"closed","sticky":false,"template":"","format":"standard","meta":{"_bbp_topic_count":0,"_bbp_reply_count":0,"_bbp_total_topic_count":0,"_bbp_total_reply_count":0,"_bbp_voice_count":0,"_bbp_anonymous_reply_count":0,"_bbp_topic_count_hidden":0,"_bbp_reply_count_hidden":0,"_bbp_forum_subforum_count":0,"footnotes":""},"categories":[4,29],"tags":[111],"class_list":["post-5019","post","type-post","status-publish","format-standard","hentry","category-eso-1","category-portada","tag-musica"],"post_mailing_queue_ids":[],"_links":{"self":[{"href":"https:\/\/agora.xtec.cat\/instarragona\/wp-json\/wp\/v2\/posts\/5019","targetHints":{"allow":["GET"]}}],"collection":[{"href":"https:\/\/agora.xtec.cat\/instarragona\/wp-json\/wp\/v2\/posts"}],"about":[{"href":"https:\/\/agora.xtec.cat\/instarragona\/wp-json\/wp\/v2\/types\/post"}],"author":[{"embeddable":true,"href":"https:\/\/agora.xtec.cat\/instarragona\/wp-json\/wp\/v2\/users\/1"}],"replies":[{"embeddable":true,"href":"https:\/\/agora.xtec.cat\/instarragona\/wp-json\/wp\/v2\/comments?post=5019"}],"version-history":[{"count":1,"href":"https:\/\/agora.xtec.cat\/instarragona\/wp-json\/wp\/v2\/posts\/5019\/revisions"}],"predecessor-version":[{"id":5021,"href":"https:\/\/agora.xtec.cat\/instarragona\/wp-json\/wp\/v2\/posts\/5019\/revisions\/5021"}],"wp:attachment":[{"href":"https:\/\/agora.xtec.cat\/instarragona\/wp-json\/wp\/v2\/media?parent=5019"}],"wp:term":[{"taxonomy":"category","embeddable":true,"href":"https:\/\/agora.xtec.cat\/instarragona\/wp-json\/wp\/v2\/categories?post=5019"},{"taxonomy":"post_tag","embeddable":true,"href":"https:\/\/agora.xtec.cat\/instarragona\/wp-json\/wp\/v2\/tags?post=5019"}],"curies":[{"name":"wp","href":"https:\/\/api.w.org\/{rel}","templated":true}]}}