{"id":5014,"date":"2024-03-22T18:21:13","date_gmt":"2024-03-22T17:21:13","guid":{"rendered":"https:\/\/agora.xtec.cat\/instarragona\/?p=5014"},"modified":"2024-03-22T18:21:13","modified_gmt":"2024-03-22T17:21:13","slug":"bonjour","status":"publish","type":"post","link":"https:\/\/agora.xtec.cat\/instarragona\/eso\/eso-3\/bonjour\/","title":{"rendered":"Bonjour!"},"content":{"rendered":"<blockquote>\n<div dir=\"ltr\">\n<p><strong><em>\ud83d\udc45Bonjour,\u00a0<\/em><\/strong><strong><em>voil\u00e0 les photos de notre sortie &#8220;Tarraco en fran\u00e7ais&#8221;. \ud83d\udc45<\/em><\/strong><\/p>\n<p>Ahir, vam visitar el casc hist\u00f2ric de la nostra ciutat amb una mirada diferent, en una llengua diferent: EN FRAN\u00c7AIS. Tr\u00e8s int\u00e9ressant!\u00a0\ud83d\ude0a<\/p>\n<p><img loading=\"lazy\" decoding=\"async\" class=\"aligncenter size-full wp-image-5017\" src=\"https:\/\/agora.xtec.cat\/instarragona\/wp-content\/uploads\/usu484\/2024\/03\/3.jpg\" alt=\"\" width=\"1314\" height=\"663\" srcset=\"https:\/\/agora.xtec.cat\/instarragona\/wp-content\/uploads\/usu484\/2024\/03\/3.jpg 1314w, https:\/\/agora.xtec.cat\/instarragona\/wp-content\/uploads\/usu484\/2024\/03\/3-300x151.jpg 300w, https:\/\/agora.xtec.cat\/instarragona\/wp-content\/uploads\/usu484\/2024\/03\/3-1024x517.jpg 1024w, https:\/\/agora.xtec.cat\/instarragona\/wp-content\/uploads\/usu484\/2024\/03\/3-768x388.jpg 768w\" sizes=\"auto, (max-width: 1314px) 100vw, 1314px\" \/><\/p>\n<\/div>\n<\/blockquote>\n<p><img loading=\"lazy\" decoding=\"async\" class=\"aligncenter size-full wp-image-5016\" src=\"https:\/\/agora.xtec.cat\/instarragona\/wp-content\/uploads\/usu484\/2024\/03\/2-3.jpg\" alt=\"\" width=\"1213\" height=\"675\" srcset=\"https:\/\/agora.xtec.cat\/instarragona\/wp-content\/uploads\/usu484\/2024\/03\/2-3.jpg 1213w, https:\/\/agora.xtec.cat\/instarragona\/wp-content\/uploads\/usu484\/2024\/03\/2-3-300x167.jpg 300w, https:\/\/agora.xtec.cat\/instarragona\/wp-content\/uploads\/usu484\/2024\/03\/2-3-1024x570.jpg 1024w, https:\/\/agora.xtec.cat\/instarragona\/wp-content\/uploads\/usu484\/2024\/03\/2-3-768x427.jpg 768w\" sizes=\"auto, (max-width: 1213px) 100vw, 1213px\" \/><\/p>\n","protected":false},"excerpt":{"rendered":"<p>\ud83d\udc45Bonjour,\u00a0voil\u00e0 les photos de notre sortie &#8220;Tarraco en fran\u00e7ais&#8221;. \ud83d\udc45<br \/>\nAhir, vam visitar el casc hist\u00f2ric de la nostra ciutat amb una mirada diferent, en una llengua diferent: EN FRAN\u00c7AIS. Tr\u00e8s int\u00e9ressant!\u00a0\ud83d\ude0a<\/p>\n","protected":false},"author":1,"featured_media":5015,"comment_status":"open","ping_status":"closed","sticky":false,"template":"","format":"standard","meta":{"_bbp_topic_count":0,"_bbp_reply_count":0,"_bbp_total_topic_count":0,"_bbp_total_reply_count":0,"_bbp_voice_count":0,"_bbp_anonymous_reply_count":0,"_bbp_topic_count_hidden":0,"_bbp_reply_count_hidden":0,"_bbp_forum_subforum_count":0,"footnotes":""},"categories":[6,29],"tags":[126],"class_list":["post-5014","post","type-post","status-publish","format-standard","has-post-thumbnail","hentry","category-eso-3","category-portada","tag-frances"],"post_mailing_queue_ids":[],"_links":{"self":[{"href":"https:\/\/agora.xtec.cat\/instarragona\/wp-json\/wp\/v2\/posts\/5014","targetHints":{"allow":["GET"]}}],"collection":[{"href":"https:\/\/agora.xtec.cat\/instarragona\/wp-json\/wp\/v2\/posts"}],"about":[{"href":"https:\/\/agora.xtec.cat\/instarragona\/wp-json\/wp\/v2\/types\/post"}],"author":[{"embeddable":true,"href":"https:\/\/agora.xtec.cat\/instarragona\/wp-json\/wp\/v2\/users\/1"}],"replies":[{"embeddable":true,"href":"https:\/\/agora.xtec.cat\/instarragona\/wp-json\/wp\/v2\/comments?post=5014"}],"version-history":[{"count":1,"href":"https:\/\/agora.xtec.cat\/instarragona\/wp-json\/wp\/v2\/posts\/5014\/revisions"}],"predecessor-version":[{"id":5018,"href":"https:\/\/agora.xtec.cat\/instarragona\/wp-json\/wp\/v2\/posts\/5014\/revisions\/5018"}],"wp:featuredmedia":[{"embeddable":true,"href":"https:\/\/agora.xtec.cat\/instarragona\/wp-json\/wp\/v2\/media\/5015"}],"wp:attachment":[{"href":"https:\/\/agora.xtec.cat\/instarragona\/wp-json\/wp\/v2\/media?parent=5014"}],"wp:term":[{"taxonomy":"category","embeddable":true,"href":"https:\/\/agora.xtec.cat\/instarragona\/wp-json\/wp\/v2\/categories?post=5014"},{"taxonomy":"post_tag","embeddable":true,"href":"https:\/\/agora.xtec.cat\/instarragona\/wp-json\/wp\/v2\/tags?post=5014"}],"curies":[{"name":"wp","href":"https:\/\/api.w.org\/{rel}","templated":true}]}}