{"id":4993,"date":"2024-03-18T12:00:51","date_gmt":"2024-03-18T11:00:51","guid":{"rendered":"https:\/\/agora.xtec.cat\/instarragona\/?p=4993"},"modified":"2024-04-03T13:55:47","modified_gmt":"2024-04-03T11:55:47","slug":"formacio-en-intelligencia-artificial","status":"publish","type":"post","link":"https:\/\/agora.xtec.cat\/instarragona\/general\/formacio-en-intelligencia-artificial\/","title":{"rendered":"Formaci\u00f3 en Intel\u00b7lig\u00e8ncia Artificial"},"content":{"rendered":"<p>Durant els darrers mesos el professorat de l&#8217;Institut Tarragona s&#8217;ha estat formant en IA a trav\u00e9s del programa intensiu creat per la URV i finan\u00e7at amb fons europeus. Una tem\u00e0tica molt engrescadora per\u00f2 que tamb\u00e9 requereix de certa serenitat d&#8217;an\u00e0lisi per part de tots.<\/p>\n<p>Nosaltres, el professorat, no hem volgut perdre l&#8217;oportunitat d&#8217;aprendre i entrar en el debat. Tot va molt i molt r\u00e0pid i els canvis en les noves tecnologies s\u00f3n imparables i, sens dubte, la intel\u00b7lig\u00e8ncia artificial pot ser una eina molt potent pel professorat: de consulta, per crear materials de tota mena pel nostre alumnat, adaptacions a casos concrets, etc. Tot un descobriment! Ha arribat l&#8217;hora tamb\u00e9 de mirar en quins moments, estudiar el per qu\u00e8 i el com ho farem per fer-la entrar a l&#8217;aula amb els nostres alumnes i assegurar-nos que realment sigui una eina significativa en el seu aprenentatge. Un repte nou que no ens ha d&#8217;espantar. LA IA ja la tenim aqu\u00ed!<\/p>\n<p><img loading=\"lazy\" decoding=\"async\" class=\"aligncenter wp-image-4995\" src=\"https:\/\/agora.xtec.cat\/instarragona\/wp-content\/uploads\/usu484\/2024\/03\/Captura-1.png\" alt=\"\" width=\"423\" height=\"301\" srcset=\"https:\/\/agora.xtec.cat\/instarragona\/wp-content\/uploads\/usu484\/2024\/03\/Captura-1.png 703w, https:\/\/agora.xtec.cat\/instarragona\/wp-content\/uploads\/usu484\/2024\/03\/Captura-1-300x213.png 300w\" sizes=\"auto, (max-width: 423px) 100vw, 423px\" \/><\/p>\n<p><a href=\"https:\/\/www.diarimes.com\/ca\/tarragona\/240315\/l-ai-skills-lab-urv-seva-fi-despres-set-mesos-treball_141876.html\" target=\"_blank\" rel=\"noopener\"><strong>Article<\/strong> <\/a>de premsa de tancament del curs a Diari m\u00e9s. <strong><a href=\"https:\/\/www.diarimes.com\/ca\/opinio\/la-contra\/marge-confianca\/240315\/pioners-i-fites-assolides_141882.html\" target=\"_blank\" rel=\"noopener\">Nota de premsa<\/a>\u00a0<\/strong>de la directora del projecte de la URV, i el Punt Avui tamb\u00e9 en fa <a href=\"https:\/\/www.elpuntavui.cat\/societat\/article\/16-educacio\/2400697-la-ia-tambe-entra-a-l-aula.html\" target=\"_blank\" rel=\"noopener\"><strong>refer\u00e8ncia<\/strong><\/a>.<\/p>\n<p>&nbsp;<\/p>\n<p><img loading=\"lazy\" decoding=\"async\" class=\"aligncenter size-full wp-image-5003\" src=\"https:\/\/agora.xtec.cat\/instarragona\/wp-content\/uploads\/usu484\/2024\/03\/1.jpg\" alt=\"\" width=\"910\" height=\"628\" srcset=\"https:\/\/agora.xtec.cat\/instarragona\/wp-content\/uploads\/usu484\/2024\/03\/1.jpg 910w, https:\/\/agora.xtec.cat\/instarragona\/wp-content\/uploads\/usu484\/2024\/03\/1-300x207.jpg 300w, https:\/\/agora.xtec.cat\/instarragona\/wp-content\/uploads\/usu484\/2024\/03\/1-768x530.jpg 768w\" sizes=\"auto, (max-width: 910px) 100vw, 910px\" \/><\/p>\n","protected":false},"excerpt":{"rendered":"<p>Durant els darrers mesos el professorat de l&#8217;Institut Tarragona s&#8217;ha estat formant en IA a trav\u00e9s del programa intensiu creat per la URV i finan\u00e7at amb fons europeus. Una tem\u00e0tica molt engrescadora per\u00f2 que tamb\u00e9 requereix de certa serenitat d&#8217;an\u00e0lisi per part de tots.<br \/>\nNosaltres, el&hellip;  <a href=\"https:\/\/agora.xtec.cat\/instarragona\/general\/formacio-en-intelligencia-artificial\/\" title=\"Read Formaci\u00f3 en Intel\u00b7lig\u00e8ncia Artificial\">Llegeix m\u00e9s\u00bb<\/a><\/p>\n","protected":false},"author":1,"featured_media":4994,"comment_status":"open","ping_status":"closed","sticky":false,"template":"","format":"standard","meta":{"_bbp_topic_count":0,"_bbp_reply_count":0,"_bbp_total_topic_count":0,"_bbp_total_reply_count":0,"_bbp_voice_count":0,"_bbp_anonymous_reply_count":0,"_bbp_topic_count_hidden":0,"_bbp_reply_count_hidden":0,"_bbp_forum_subforum_count":0,"footnotes":""},"categories":[1,29],"tags":[99],"class_list":["post-4993","post","type-post","status-publish","format-standard","has-post-thumbnail","hentry","category-general","category-portada","tag-projectes"],"post_mailing_queue_ids":[],"_links":{"self":[{"href":"https:\/\/agora.xtec.cat\/instarragona\/wp-json\/wp\/v2\/posts\/4993","targetHints":{"allow":["GET"]}}],"collection":[{"href":"https:\/\/agora.xtec.cat\/instarragona\/wp-json\/wp\/v2\/posts"}],"about":[{"href":"https:\/\/agora.xtec.cat\/instarragona\/wp-json\/wp\/v2\/types\/post"}],"author":[{"embeddable":true,"href":"https:\/\/agora.xtec.cat\/instarragona\/wp-json\/wp\/v2\/users\/1"}],"replies":[{"embeddable":true,"href":"https:\/\/agora.xtec.cat\/instarragona\/wp-json\/wp\/v2\/comments?post=4993"}],"version-history":[{"count":6,"href":"https:\/\/agora.xtec.cat\/instarragona\/wp-json\/wp\/v2\/posts\/4993\/revisions"}],"predecessor-version":[{"id":5040,"href":"https:\/\/agora.xtec.cat\/instarragona\/wp-json\/wp\/v2\/posts\/4993\/revisions\/5040"}],"wp:featuredmedia":[{"embeddable":true,"href":"https:\/\/agora.xtec.cat\/instarragona\/wp-json\/wp\/v2\/media\/4994"}],"wp:attachment":[{"href":"https:\/\/agora.xtec.cat\/instarragona\/wp-json\/wp\/v2\/media?parent=4993"}],"wp:term":[{"taxonomy":"category","embeddable":true,"href":"https:\/\/agora.xtec.cat\/instarragona\/wp-json\/wp\/v2\/categories?post=4993"},{"taxonomy":"post_tag","embeddable":true,"href":"https:\/\/agora.xtec.cat\/instarragona\/wp-json\/wp\/v2\/tags?post=4993"}],"curies":[{"name":"wp","href":"https:\/\/api.w.org\/{rel}","templated":true}]}}