{"id":4983,"date":"2024-03-14T10:12:40","date_gmt":"2024-03-14T09:12:40","guid":{"rendered":"https:\/\/agora.xtec.cat\/instarragona\/?p=4983"},"modified":"2024-03-14T10:13:01","modified_gmt":"2024-03-14T09:13:01","slug":"directe-a-europa-2","status":"publish","type":"post","link":"https:\/\/agora.xtec.cat\/instarragona\/batxillerat\/directe-a-europa-2\/","title":{"rendered":"Directe a Europa!"},"content":{"rendered":"<p dir=\"auto\">Avui els alumnes de geografia de 2n de Batxillerat han realitzat una activitat sobre la Uni\u00f3 Europea. La Marta Dom\u00e8nech ens ha portat l&#8217;Europe Direct a l&#8217;institut per fer en primer moment una presentaci\u00f3 sobre la UE (hist\u00f2ria, caracter\u00edstiques, institucions&#8230;). Posteriorment els alumnes han fet una simulaci\u00f3 de funcionament del Parlament Europeu, ficant-se amb el paper dels eurodiputats i dels seus respectius partits.\u00a0Els alumnes han qualificat de manera positiva l&#8217;activitat.<\/p>\n<p dir=\"auto\"><img loading=\"lazy\" decoding=\"async\" class=\"aligncenter size-full wp-image-4984\" src=\"https:\/\/agora.xtec.cat\/instarragona\/wp-content\/uploads\/usu484\/2024\/03\/2-2.jpg\" alt=\"\" width=\"1050\" height=\"434\" srcset=\"https:\/\/agora.xtec.cat\/instarragona\/wp-content\/uploads\/usu484\/2024\/03\/2-2.jpg 1050w, https:\/\/agora.xtec.cat\/instarragona\/wp-content\/uploads\/usu484\/2024\/03\/2-2-300x124.jpg 300w, https:\/\/agora.xtec.cat\/instarragona\/wp-content\/uploads\/usu484\/2024\/03\/2-2-1024x423.jpg 1024w, https:\/\/agora.xtec.cat\/instarragona\/wp-content\/uploads\/usu484\/2024\/03\/2-2-768x317.jpg 768w\" sizes=\"auto, (max-width: 1050px) 100vw, 1050px\" \/><\/p>\n<p dir=\"auto\">\n","protected":false},"excerpt":{"rendered":"<p>Avui els alumnes de geografia de 2n de Batxillerat han realitzat una activitat sobre la Uni\u00f3 Europea. La Marta Dom\u00e8nech ens ha portat l&#8217;Europe Direct a l&#8217;institut per fer en primer moment una presentaci\u00f3 sobre la UE (hist\u00f2ria, caracter\u00edstiques, institucions&#8230;). Posteriorment els alumnes han fet&hellip;  <a href=\"https:\/\/agora.xtec.cat\/instarragona\/batxillerat\/directe-a-europa-2\/\" title=\"Read Directe a Europa!\">Llegeix m\u00e9s\u00bb<\/a><\/p>\n","protected":false},"author":1,"featured_media":4985,"comment_status":"open","ping_status":"closed","sticky":false,"template":"","format":"standard","meta":{"_bbp_topic_count":0,"_bbp_reply_count":0,"_bbp_total_topic_count":0,"_bbp_total_reply_count":0,"_bbp_voice_count":0,"_bbp_anonymous_reply_count":0,"_bbp_topic_count_hidden":0,"_bbp_reply_count_hidden":0,"_bbp_forum_subforum_count":0,"footnotes":""},"categories":[8,29],"tags":[133,44],"class_list":["post-4983","post","type-post","status-publish","format-standard","has-post-thumbnail","hentry","category-batxillerat","category-portada","tag-geografia-i-historia","tag-xerrades"],"post_mailing_queue_ids":[],"_links":{"self":[{"href":"https:\/\/agora.xtec.cat\/instarragona\/wp-json\/wp\/v2\/posts\/4983","targetHints":{"allow":["GET"]}}],"collection":[{"href":"https:\/\/agora.xtec.cat\/instarragona\/wp-json\/wp\/v2\/posts"}],"about":[{"href":"https:\/\/agora.xtec.cat\/instarragona\/wp-json\/wp\/v2\/types\/post"}],"author":[{"embeddable":true,"href":"https:\/\/agora.xtec.cat\/instarragona\/wp-json\/wp\/v2\/users\/1"}],"replies":[{"embeddable":true,"href":"https:\/\/agora.xtec.cat\/instarragona\/wp-json\/wp\/v2\/comments?post=4983"}],"version-history":[{"count":1,"href":"https:\/\/agora.xtec.cat\/instarragona\/wp-json\/wp\/v2\/posts\/4983\/revisions"}],"predecessor-version":[{"id":4986,"href":"https:\/\/agora.xtec.cat\/instarragona\/wp-json\/wp\/v2\/posts\/4983\/revisions\/4986"}],"wp:featuredmedia":[{"embeddable":true,"href":"https:\/\/agora.xtec.cat\/instarragona\/wp-json\/wp\/v2\/media\/4985"}],"wp:attachment":[{"href":"https:\/\/agora.xtec.cat\/instarragona\/wp-json\/wp\/v2\/media?parent=4983"}],"wp:term":[{"taxonomy":"category","embeddable":true,"href":"https:\/\/agora.xtec.cat\/instarragona\/wp-json\/wp\/v2\/categories?post=4983"},{"taxonomy":"post_tag","embeddable":true,"href":"https:\/\/agora.xtec.cat\/instarragona\/wp-json\/wp\/v2\/tags?post=4983"}],"curies":[{"name":"wp","href":"https:\/\/api.w.org\/{rel}","templated":true}]}}