{"id":4975,"date":"2024-03-14T10:05:06","date_gmt":"2024-03-14T09:05:06","guid":{"rendered":"https:\/\/agora.xtec.cat\/instarragona\/?p=4975"},"modified":"2024-03-14T10:06:11","modified_gmt":"2024-03-14T09:06:11","slug":"8m-igualtat-si-us-plau","status":"publish","type":"post","link":"https:\/\/agora.xtec.cat\/instarragona\/portada\/8m-igualtat-si-us-plau\/","title":{"rendered":"8M &#8211; Igualtat, si us plau!"},"content":{"rendered":"<p>Com no pot ser d&#8217;altra manera el 8 de mar\u00e7 tamb\u00e9 es va celebrar al nostre institut.<\/p>\n<p>El nostre alumnat d&#8217;ESO va cantar la can\u00e7\u00f3 del grup PETACA <strong><a href=\"https:\/\/youtu.be\/gQ01wgIw0KY?si=el5-4CvwxqPeI6RB\" target=\"_blank\" rel=\"noopener\">&#8220;Persones Iguals&#8221;<\/a><\/strong>, es va llegir tamb\u00e9 la lectura del conte-manifest &#8220;<strong><a href=\"https:\/\/youtu.be\/IRMunS2BvxU?si=L4cak-JH-z83CMlv\" target=\"_blank\" rel=\"noopener\">La petita ciutat de la igualtat<\/a><\/strong>&#8220;. Aquesta cantada entra dintre del projecte &#8220;L&#8217;art al servei dels ODS&#8221; i pret\u00e9n treballar la igualtat entre les persones per assegurar una societat justa i equitativa, on cada individu tingui oportunitats iguals i sigui respectat independentment del seu g\u00e8nere, ra\u00e7a, religi\u00f3 o origen, contribuint a un m\u00f3n m\u00e9s harmoni\u00f3s i inclusiu.<\/p>\n<table style=\"border-collapse: collapse; width: 100%;\">\n<tbody>\n<tr>\n<td style=\"width: 50%;\"><img loading=\"lazy\" decoding=\"async\" class=\" wp-image-4979 alignleft\" src=\"https:\/\/agora.xtec.cat\/instarragona\/wp-content\/uploads\/usu484\/2024\/03\/2-1.jpg\" alt=\"\" width=\"563\" height=\"416\" srcset=\"https:\/\/agora.xtec.cat\/instarragona\/wp-content\/uploads\/usu484\/2024\/03\/2-1.jpg 555w, https:\/\/agora.xtec.cat\/instarragona\/wp-content\/uploads\/usu484\/2024\/03\/2-1-300x222.jpg 300w\" sizes=\"auto, (max-width: 563px) 100vw, 563px\" \/><\/td>\n<td style=\"width: 50%;\"><img loading=\"lazy\" decoding=\"async\" class=\"wp-image-4980 alignleft\" src=\"https:\/\/agora.xtec.cat\/instarragona\/wp-content\/uploads\/usu484\/2024\/03\/Captura-2.jpg\" alt=\"\" width=\"562\" height=\"411\" srcset=\"https:\/\/agora.xtec.cat\/instarragona\/wp-content\/uploads\/usu484\/2024\/03\/Captura-2.jpg 620w, https:\/\/agora.xtec.cat\/instarragona\/wp-content\/uploads\/usu484\/2024\/03\/Captura-2-300x220.jpg 300w\" sizes=\"auto, (max-width: 562px) 100vw, 562px\" \/><\/td>\n<\/tr>\n<\/tbody>\n<\/table>\n<table style=\"border-collapse: collapse; width: 100%;\">\n<tbody>\n<tr>\n<td style=\"width: 50%;\"><iframe loading=\"lazy\" title=\"YouTube video player\" src=\"https:\/\/www.youtube.com\/embed\/ss8iLX2qtBc?si=YMRZQ2F93PUq7EuT\" width=\"560\" height=\"315\" frameborder=\"0\" allowfullscreen=\"allowfullscreen\"><\/iframe><\/td>\n<td style=\"width: 50%;\"><iframe loading=\"lazy\" title=\"YouTube video player\" src=\"https:\/\/www.youtube.com\/embed\/7YhkkuItUW8?si=hGRqoEsxy5aY7zUu\" width=\"560\" height=\"315\" frameborder=\"0\" allowfullscreen=\"allowfullscreen\"><\/iframe><\/td>\n<\/tr>\n<\/tbody>\n<\/table>\n<p>Des de la biblioteca han editat un nou punt de llibre per ressaltar tamb\u00e9 la import\u00e0ncia de gaudir tots d&#8217;una societat igualit\u00e0ria on les nenes i dones puguin gaudir dels mateixos drets i deures.<\/p>\n<h1><img loading=\"lazy\" decoding=\"async\" class=\"an1 aligncenter\" draggable=\"false\" src=\"https:\/\/fonts.gstatic.com\/s\/e\/notoemoji\/15.0\/1f49c\/32.png\" alt=\"\ud83d\udc9c\" width=\"47\" height=\"47\" data-emoji=\"\ud83d\udc9c\" aria-label=\"\ud83d\udc9c\" \/><\/h1>\n<h1><img loading=\"lazy\" decoding=\"async\" class=\"aligncenter size-full wp-image-4976\" src=\"https:\/\/agora.xtec.cat\/instarragona\/wp-content\/uploads\/usu484\/2024\/03\/Captura.jpg\" alt=\"\" width=\"409\" height=\"547\" srcset=\"https:\/\/agora.xtec.cat\/instarragona\/wp-content\/uploads\/usu484\/2024\/03\/Captura.jpg 409w, https:\/\/agora.xtec.cat\/instarragona\/wp-content\/uploads\/usu484\/2024\/03\/Captura-224x300.jpg 224w\" sizes=\"auto, (max-width: 409px) 100vw, 409px\" \/><\/h1>\n<table style=\"border-collapse: collapse; width: 100%;\">\n<tbody>\n<tr>\n<td style=\"width: 50%;\"><img loading=\"lazy\" decoding=\"async\" class=\"aligncenter size-full wp-image-4977\" src=\"https:\/\/agora.xtec.cat\/instarragona\/wp-content\/uploads\/usu484\/2024\/03\/2.jpg\" alt=\"\" width=\"500\" height=\"301\" srcset=\"https:\/\/agora.xtec.cat\/instarragona\/wp-content\/uploads\/usu484\/2024\/03\/2.jpg 500w, https:\/\/agora.xtec.cat\/instarragona\/wp-content\/uploads\/usu484\/2024\/03\/2-300x181.jpg 300w\" sizes=\"auto, (max-width: 500px) 100vw, 500px\" \/><\/td>\n<td style=\"width: 50%;\"><img loading=\"lazy\" decoding=\"async\" class=\"aligncenter wp-image-4978\" src=\"https:\/\/agora.xtec.cat\/instarragona\/wp-content\/uploads\/usu484\/2024\/03\/Captura-1.jpg\" alt=\"\" width=\"535\" height=\"304\" srcset=\"https:\/\/agora.xtec.cat\/instarragona\/wp-content\/uploads\/usu484\/2024\/03\/Captura-1.jpg 981w, https:\/\/agora.xtec.cat\/instarragona\/wp-content\/uploads\/usu484\/2024\/03\/Captura-1-300x170.jpg 300w, https:\/\/agora.xtec.cat\/instarragona\/wp-content\/uploads\/usu484\/2024\/03\/Captura-1-768x436.jpg 768w\" sizes=\"auto, (max-width: 535px) 100vw, 535px\" \/><\/td>\n<\/tr>\n<\/tbody>\n<\/table>\n","protected":false},"excerpt":{"rendered":"<p>Com no pot ser d&#8217;altra manera el 8 de mar\u00e7 tamb\u00e9 es va celebrar al nostre institut.<br \/>\nEl nostre alumnat d&#8217;ESO va cantar la can\u00e7\u00f3 del grup PETACA <a href=\"https:\/\/youtu.be\/gQ01wgIw0KY?si=el5-4CvwxqPeI6RB\" target=\"_blank\" rel=\"noopener\">&#8220;Persones Iguals&#8221;<\/a>, es va llegir tamb\u00e9 la lectura del conte-manifest &#8220;<a href=\"https:\/\/youtu.be\/IRMunS2BvxU?si=L4cak-JH-z83CMlv\" target=\"_blank\" rel=\"noopener\">La petita&hellip;  <a href=\"https:\/\/agora.xtec.cat\/instarragona\/portada\/8m-igualtat-si-us-plau\/\" title=\"Read 8M &#8211; Igualtat, si us plau!\">Llegeix m\u00e9s\u00bb<\/a><\/p>\n","protected":false},"author":1,"featured_media":4979,"comment_status":"open","ping_status":"closed","sticky":false,"template":"","format":"standard","meta":{"_bbp_topic_count":0,"_bbp_reply_count":0,"_bbp_total_topic_count":0,"_bbp_total_reply_count":0,"_bbp_voice_count":0,"_bbp_anonymous_reply_count":0,"_bbp_topic_count_hidden":0,"_bbp_reply_count_hidden":0,"_bbp_forum_subforum_count":0,"footnotes":""},"categories":[29],"tags":[108],"class_list":["post-4975","post","type-post","status-publish","format-standard","has-post-thumbnail","hentry","category-portada","tag-activitats"],"post_mailing_queue_ids":[],"_links":{"self":[{"href":"https:\/\/agora.xtec.cat\/instarragona\/wp-json\/wp\/v2\/posts\/4975","targetHints":{"allow":["GET"]}}],"collection":[{"href":"https:\/\/agora.xtec.cat\/instarragona\/wp-json\/wp\/v2\/posts"}],"about":[{"href":"https:\/\/agora.xtec.cat\/instarragona\/wp-json\/wp\/v2\/types\/post"}],"author":[{"embeddable":true,"href":"https:\/\/agora.xtec.cat\/instarragona\/wp-json\/wp\/v2\/users\/1"}],"replies":[{"embeddable":true,"href":"https:\/\/agora.xtec.cat\/instarragona\/wp-json\/wp\/v2\/comments?post=4975"}],"version-history":[{"count":1,"href":"https:\/\/agora.xtec.cat\/instarragona\/wp-json\/wp\/v2\/posts\/4975\/revisions"}],"predecessor-version":[{"id":4982,"href":"https:\/\/agora.xtec.cat\/instarragona\/wp-json\/wp\/v2\/posts\/4975\/revisions\/4982"}],"wp:featuredmedia":[{"embeddable":true,"href":"https:\/\/agora.xtec.cat\/instarragona\/wp-json\/wp\/v2\/media\/4979"}],"wp:attachment":[{"href":"https:\/\/agora.xtec.cat\/instarragona\/wp-json\/wp\/v2\/media?parent=4975"}],"wp:term":[{"taxonomy":"category","embeddable":true,"href":"https:\/\/agora.xtec.cat\/instarragona\/wp-json\/wp\/v2\/categories?post=4975"},{"taxonomy":"post_tag","embeddable":true,"href":"https:\/\/agora.xtec.cat\/instarragona\/wp-json\/wp\/v2\/tags?post=4975"}],"curies":[{"name":"wp","href":"https:\/\/api.w.org\/{rel}","templated":true}]}}