{"id":4960,"date":"2024-02-26T09:09:02","date_gmt":"2024-02-26T08:09:02","guid":{"rendered":"https:\/\/agora.xtec.cat\/instarragona\/?p=4960"},"modified":"2024-02-26T09:09:02","modified_gmt":"2024-02-26T08:09:02","slug":"depurar-laigua-fa-falta-mes-que-mai","status":"publish","type":"post","link":"https:\/\/agora.xtec.cat\/instarragona\/eso\/eso-2\/depurar-laigua-fa-falta-mes-que-mai\/","title":{"rendered":"Depurar l&#8217;aigua fa falta m\u00e9s que mai!"},"content":{"rendered":"<p>Hem vist de primera m\u00e0 com l&#8217;aigua que arriba ben bruta de les nostres cases \u00e9s tractada a la <strong><a href=\"https:\/\/www.iagua.es\/data\/infraestructuras\/edar\/tarragona\" target=\"_blank\" rel=\"noopener\">planta EDAR<\/a><\/strong> de Tarragona. Aix\u00ed, despr\u00e9s de tots els tractaments, l&#8217;aigua depurada ja es pot tornar a la desembocadura del riu Francol\u00ed en unes condicions \u00f2ptimes per no perjudicar ni la flora ni la fauna d&#8217;aquest tram final del riu ni tampoc les aig\u00fces costaneres.<\/p>\n<p>Com a reflexi\u00f3? Amb la sequera que estem patint. Quins possibles usos podria tenir l&#8217;aigua depurada? Es podria reaprofitar? Potser ja es fa aix\u00ed i no es coneix prou? Ho haur\u00edem d&#8217;investigar una mica m\u00e9s tot aix\u00f2.<\/p>\n<p><img loading=\"lazy\" decoding=\"async\" class=\"aligncenter size-full wp-image-4966\" src=\"https:\/\/agora.xtec.cat\/instarragona\/wp-content\/uploads\/usu484\/2024\/02\/Captura-8.png\" alt=\"\" width=\"1206\" height=\"634\" srcset=\"https:\/\/agora.xtec.cat\/instarragona\/wp-content\/uploads\/usu484\/2024\/02\/Captura-8.png 1206w, https:\/\/agora.xtec.cat\/instarragona\/wp-content\/uploads\/usu484\/2024\/02\/Captura-8-300x158.png 300w, https:\/\/agora.xtec.cat\/instarragona\/wp-content\/uploads\/usu484\/2024\/02\/Captura-8-1024x538.png 1024w, https:\/\/agora.xtec.cat\/instarragona\/wp-content\/uploads\/usu484\/2024\/02\/Captura-8-768x404.png 768w\" sizes=\"auto, (max-width: 1206px) 100vw, 1206px\" \/><\/p>\n<p>&nbsp;<\/p>\n<p><img loading=\"lazy\" decoding=\"async\" class=\"aligncenter size-full wp-image-4965\" src=\"https:\/\/agora.xtec.cat\/instarragona\/wp-content\/uploads\/usu484\/2024\/02\/Captura-7.png\" alt=\"\" width=\"1307\" height=\"615\" srcset=\"https:\/\/agora.xtec.cat\/instarragona\/wp-content\/uploads\/usu484\/2024\/02\/Captura-7.png 1307w, https:\/\/agora.xtec.cat\/instarragona\/wp-content\/uploads\/usu484\/2024\/02\/Captura-7-300x141.png 300w, https:\/\/agora.xtec.cat\/instarragona\/wp-content\/uploads\/usu484\/2024\/02\/Captura-7-1024x482.png 1024w, https:\/\/agora.xtec.cat\/instarragona\/wp-content\/uploads\/usu484\/2024\/02\/Captura-7-768x361.png 768w\" sizes=\"auto, (max-width: 1307px) 100vw, 1307px\" \/><\/p>\n<p>&nbsp;<\/p>\n<p><img loading=\"lazy\" decoding=\"async\" class=\"aligncenter size-full wp-image-4964\" src=\"https:\/\/agora.xtec.cat\/instarragona\/wp-content\/uploads\/usu484\/2024\/02\/Captura-6.png\" alt=\"\" width=\"1095\" height=\"604\" srcset=\"https:\/\/agora.xtec.cat\/instarragona\/wp-content\/uploads\/usu484\/2024\/02\/Captura-6.png 1095w, https:\/\/agora.xtec.cat\/instarragona\/wp-content\/uploads\/usu484\/2024\/02\/Captura-6-300x165.png 300w, https:\/\/agora.xtec.cat\/instarragona\/wp-content\/uploads\/usu484\/2024\/02\/Captura-6-1024x565.png 1024w, https:\/\/agora.xtec.cat\/instarragona\/wp-content\/uploads\/usu484\/2024\/02\/Captura-6-768x424.png 768w\" sizes=\"auto, (max-width: 1095px) 100vw, 1095px\" \/><\/p>\n<p>&nbsp;<\/p>\n<p><img loading=\"lazy\" decoding=\"async\" class=\"aligncenter size-full wp-image-4963\" src=\"https:\/\/agora.xtec.cat\/instarragona\/wp-content\/uploads\/usu484\/2024\/02\/Captura-5.png\" alt=\"\" width=\"1072\" height=\"602\" srcset=\"https:\/\/agora.xtec.cat\/instarragona\/wp-content\/uploads\/usu484\/2024\/02\/Captura-5.png 1072w, https:\/\/agora.xtec.cat\/instarragona\/wp-content\/uploads\/usu484\/2024\/02\/Captura-5-300x168.png 300w, https:\/\/agora.xtec.cat\/instarragona\/wp-content\/uploads\/usu484\/2024\/02\/Captura-5-1024x575.png 1024w, https:\/\/agora.xtec.cat\/instarragona\/wp-content\/uploads\/usu484\/2024\/02\/Captura-5-768x431.png 768w\" sizes=\"auto, (max-width: 1072px) 100vw, 1072px\" \/><\/p>\n<p>M\u00e9s <strong><a href=\"https:\/\/drive.google.com\/drive\/folders\/1t62Yt_qOrf1ON8km8dSssZKQqIVSx1Rl?usp=drive_link\" target=\"_blank\" rel=\"noopener\">imatges<\/a><\/strong>.<\/p>\n","protected":false},"excerpt":{"rendered":"<p>Hem vist de primera m\u00e0 com l&#8217;aigua que arriba ben bruta de les nostres cases \u00e9s tractada a la <a href=\"https:\/\/www.iagua.es\/data\/infraestructuras\/edar\/tarragona\" target=\"_blank\" rel=\"noopener\">planta EDAR<\/a> de Tarragona. Aix\u00ed, despr\u00e9s de tots els tractaments, l&#8217;aigua depurada ja es pot tornar a la desembocadura del riu Francol\u00ed en&hellip;  <a href=\"https:\/\/agora.xtec.cat\/instarragona\/eso\/eso-2\/depurar-laigua-fa-falta-mes-que-mai\/\" title=\"Read Depurar l&#8217;aigua fa falta m\u00e9s que mai!\">Llegeix m\u00e9s\u00bb<\/a><\/p>\n","protected":false},"author":1,"featured_media":4962,"comment_status":"open","ping_status":"closed","sticky":false,"template":"","format":"standard","meta":{"_bbp_topic_count":0,"_bbp_reply_count":0,"_bbp_total_topic_count":0,"_bbp_total_reply_count":0,"_bbp_voice_count":0,"_bbp_anonymous_reply_count":0,"_bbp_topic_count_hidden":0,"_bbp_reply_count_hidden":0,"_bbp_forum_subforum_count":0,"footnotes":""},"categories":[5,29],"tags":[116,39,110],"class_list":["post-4960","post","type-post","status-publish","format-standard","has-post-thumbnail","hentry","category-eso-2","category-portada","tag-ciencies","tag-sortides","tag-tecnologia"],"post_mailing_queue_ids":[],"_links":{"self":[{"href":"https:\/\/agora.xtec.cat\/instarragona\/wp-json\/wp\/v2\/posts\/4960","targetHints":{"allow":["GET"]}}],"collection":[{"href":"https:\/\/agora.xtec.cat\/instarragona\/wp-json\/wp\/v2\/posts"}],"about":[{"href":"https:\/\/agora.xtec.cat\/instarragona\/wp-json\/wp\/v2\/types\/post"}],"author":[{"embeddable":true,"href":"https:\/\/agora.xtec.cat\/instarragona\/wp-json\/wp\/v2\/users\/1"}],"replies":[{"embeddable":true,"href":"https:\/\/agora.xtec.cat\/instarragona\/wp-json\/wp\/v2\/comments?post=4960"}],"version-history":[{"count":1,"href":"https:\/\/agora.xtec.cat\/instarragona\/wp-json\/wp\/v2\/posts\/4960\/revisions"}],"predecessor-version":[{"id":4967,"href":"https:\/\/agora.xtec.cat\/instarragona\/wp-json\/wp\/v2\/posts\/4960\/revisions\/4967"}],"wp:featuredmedia":[{"embeddable":true,"href":"https:\/\/agora.xtec.cat\/instarragona\/wp-json\/wp\/v2\/media\/4962"}],"wp:attachment":[{"href":"https:\/\/agora.xtec.cat\/instarragona\/wp-json\/wp\/v2\/media?parent=4960"}],"wp:term":[{"taxonomy":"category","embeddable":true,"href":"https:\/\/agora.xtec.cat\/instarragona\/wp-json\/wp\/v2\/categories?post=4960"},{"taxonomy":"post_tag","embeddable":true,"href":"https:\/\/agora.xtec.cat\/instarragona\/wp-json\/wp\/v2\/tags?post=4960"}],"curies":[{"name":"wp","href":"https:\/\/api.w.org\/{rel}","templated":true}]}}