{"id":4945,"date":"2024-02-26T07:59:26","date_gmt":"2024-02-26T06:59:26","guid":{"rendered":"https:\/\/agora.xtec.cat\/instarragona\/?p=4945"},"modified":"2024-02-26T08:02:08","modified_gmt":"2024-02-26T07:02:08","slug":"per-la-pau-i-la-no-violencia","status":"publish","type":"post","link":"https:\/\/agora.xtec.cat\/instarragona\/portada\/per-la-pau-i-la-no-violencia\/","title":{"rendered":"Per la pau i la no-viol\u00e8ncia"},"content":{"rendered":"<p>El 30 de gener, coincidint amb l&#8217;aniversari de la mort de Gandhi, se celebra el dia escolar de la no viol\u00e8ncia i la pau. En el nostre centre no podem passar per alt la reivindicaci\u00f3 per la toler\u00e0ncia, la solidaritat i el respecte als drets de tots i totes. Som defensors de la conviv\u00e8ncia entre persones de diferent proced\u00e8ncia i maneres de pensar. L&#8217;enfocament positiu de la seva complexitat i la manera de trobar-hi solucions tamb\u00e9 ens permet treballar els petits conflictes dins l&#8217;aula, intentem crear <span style=\"font-family: inherit; font-size: 1em;\">grups cohesionats, on tothom se senti valorat, prioritzant el debat i la comunicaci\u00f3 activa i emp\u00e0tica en la presa de decisions.\u00a0<\/span>I ens en sortim? Potser no sempre, per\u00f2 d\u00e9u-n&#8217;hi-do!<\/p>\n<p><img loading=\"lazy\" decoding=\"async\" class=\"aligncenter size-full wp-image-4946\" src=\"https:\/\/agora.xtec.cat\/instarragona\/wp-content\/uploads\/usu484\/2024\/02\/Captura.png\" alt=\"\" width=\"721\" height=\"562\" srcset=\"https:\/\/agora.xtec.cat\/instarragona\/wp-content\/uploads\/usu484\/2024\/02\/Captura.png 721w, https:\/\/agora.xtec.cat\/instarragona\/wp-content\/uploads\/usu484\/2024\/02\/Captura-300x234.png 300w\" sizes=\"auto, (max-width: 721px) 100vw, 721px\" \/><\/p>\n","protected":false},"excerpt":{"rendered":"<p>El 30 de gener, coincidint amb l&#8217;aniversari de la mort de Gandhi, se celebra el dia escolar de la no viol\u00e8ncia i la pau. En el nostre centre no podem passar per alt la reivindicaci\u00f3 per la toler\u00e0ncia, la solidaritat i el respecte als drets&hellip;  <a href=\"https:\/\/agora.xtec.cat\/instarragona\/portada\/per-la-pau-i-la-no-violencia\/\" title=\"Read Per la pau i la no-viol\u00e8ncia\">Llegeix m\u00e9s\u00bb<\/a><\/p>\n","protected":false},"author":1,"featured_media":0,"comment_status":"open","ping_status":"closed","sticky":false,"template":"","format":"standard","meta":{"_bbp_topic_count":0,"_bbp_reply_count":0,"_bbp_total_topic_count":0,"_bbp_total_reply_count":0,"_bbp_voice_count":0,"_bbp_anonymous_reply_count":0,"_bbp_topic_count_hidden":0,"_bbp_reply_count_hidden":0,"_bbp_forum_subforum_count":0,"footnotes":""},"categories":[29],"tags":[],"class_list":["post-4945","post","type-post","status-publish","format-standard","hentry","category-portada"],"post_mailing_queue_ids":[],"_links":{"self":[{"href":"https:\/\/agora.xtec.cat\/instarragona\/wp-json\/wp\/v2\/posts\/4945","targetHints":{"allow":["GET"]}}],"collection":[{"href":"https:\/\/agora.xtec.cat\/instarragona\/wp-json\/wp\/v2\/posts"}],"about":[{"href":"https:\/\/agora.xtec.cat\/instarragona\/wp-json\/wp\/v2\/types\/post"}],"author":[{"embeddable":true,"href":"https:\/\/agora.xtec.cat\/instarragona\/wp-json\/wp\/v2\/users\/1"}],"replies":[{"embeddable":true,"href":"https:\/\/agora.xtec.cat\/instarragona\/wp-json\/wp\/v2\/comments?post=4945"}],"version-history":[{"count":3,"href":"https:\/\/agora.xtec.cat\/instarragona\/wp-json\/wp\/v2\/posts\/4945\/revisions"}],"predecessor-version":[{"id":4949,"href":"https:\/\/agora.xtec.cat\/instarragona\/wp-json\/wp\/v2\/posts\/4945\/revisions\/4949"}],"wp:attachment":[{"href":"https:\/\/agora.xtec.cat\/instarragona\/wp-json\/wp\/v2\/media?parent=4945"}],"wp:term":[{"taxonomy":"category","embeddable":true,"href":"https:\/\/agora.xtec.cat\/instarragona\/wp-json\/wp\/v2\/categories?post=4945"},{"taxonomy":"post_tag","embeddable":true,"href":"https:\/\/agora.xtec.cat\/instarragona\/wp-json\/wp\/v2\/tags?post=4945"}],"curies":[{"name":"wp","href":"https:\/\/api.w.org\/{rel}","templated":true}]}}