{"id":4940,"date":"2024-02-22T11:33:32","date_gmt":"2024-02-22T10:33:32","guid":{"rendered":"https:\/\/agora.xtec.cat\/instarragona\/?p=4940"},"modified":"2024-02-22T11:33:41","modified_gmt":"2024-02-22T10:33:41","slug":"les-reaccions-quimiques-2","status":"publish","type":"post","link":"https:\/\/agora.xtec.cat\/instarragona\/eso\/eso-3\/les-reaccions-quimiques-2\/","title":{"rendered":"Les reaccions qu\u00edmiques"},"content":{"rendered":"<p>Qu\u00e8 \u00e9s una reacci\u00f3 qu\u00edmica? El <a href=\"https:\/\/drive.google.com\/drive\/folders\/1-lBD-EP8--tvJUd2P5iUop_6d6k_niwW?usp=drive_link\" target=\"_blank\" rel=\"noopener\">taller<\/a> del CaixaForum \u00e9s ideal per descobrir moltes i moltes coses al voltant de la qu\u00edmica.<\/p>\n<p>Per qu\u00e8 algunes reaccions qu\u00edmiques desprenen calor i d\u2019altres n\u2019absorbeixen? Qu\u00e8 \u00e9s una subst\u00e0ncia pura? I un compost?\u00a0A trav\u00e9s de l\u2019observaci\u00f3 i l\u2019experimentaci\u00f3, l\u2019alumnat de 3r d\u2019ESO va poder deduir les respostes a aquestes i altres preguntes relacionades amb les subst\u00e0ncies qu\u00edmiques i les seves reaccions.<\/p>\n<p><img loading=\"lazy\" decoding=\"async\" class=\"aligncenter size-full wp-image-4941\" src=\"https:\/\/agora.xtec.cat\/instarragona\/wp-content\/uploads\/usu484\/2024\/02\/1-1.jpg\" alt=\"\" width=\"448\" height=\"580\" srcset=\"https:\/\/agora.xtec.cat\/instarragona\/wp-content\/uploads\/usu484\/2024\/02\/1-1.jpg 448w, https:\/\/agora.xtec.cat\/instarragona\/wp-content\/uploads\/usu484\/2024\/02\/1-1-232x300.jpg 232w\" sizes=\"auto, (max-width: 448px) 100vw, 448px\" \/><\/p>\n<p><img loading=\"lazy\" decoding=\"async\" class=\"aligncenter size-full wp-image-4943\" src=\"https:\/\/agora.xtec.cat\/instarragona\/wp-content\/uploads\/usu484\/2024\/02\/2-1.jpg\" alt=\"\" width=\"834\" height=\"582\" srcset=\"https:\/\/agora.xtec.cat\/instarragona\/wp-content\/uploads\/usu484\/2024\/02\/2-1.jpg 834w, https:\/\/agora.xtec.cat\/instarragona\/wp-content\/uploads\/usu484\/2024\/02\/2-1-300x209.jpg 300w, https:\/\/agora.xtec.cat\/instarragona\/wp-content\/uploads\/usu484\/2024\/02\/2-1-768x536.jpg 768w\" sizes=\"auto, (max-width: 834px) 100vw, 834px\" \/><\/p>\n<p>&nbsp;<\/p>\n","protected":false},"excerpt":{"rendered":"<p>Qu\u00e8 \u00e9s una reacci\u00f3 qu\u00edmica? El <a href=\"https:\/\/drive.google.com\/drive\/folders\/1-lBD-EP8--tvJUd2P5iUop_6d6k_niwW?usp=drive_link\" target=\"_blank\" rel=\"noopener\">taller<\/a> del CaixaForum \u00e9s ideal per descobrir moltes i moltes coses al voltant de la qu\u00edmica.<br \/>\nPer qu\u00e8 algunes reaccions qu\u00edmiques desprenen calor i d\u2019altres n\u2019absorbeixen? Qu\u00e8 \u00e9s una subst\u00e0ncia pura? I un compost?\u00a0A trav\u00e9s de l\u2019observaci\u00f3&hellip;  <a href=\"https:\/\/agora.xtec.cat\/instarragona\/eso\/eso-3\/les-reaccions-quimiques-2\/\" title=\"Read Les reaccions qu\u00edmiques\">Llegeix m\u00e9s\u00bb<\/a><\/p>\n","protected":false},"author":1,"featured_media":4942,"comment_status":"open","ping_status":"closed","sticky":false,"template":"","format":"standard","meta":{"_bbp_topic_count":0,"_bbp_reply_count":0,"_bbp_total_topic_count":0,"_bbp_total_reply_count":0,"_bbp_voice_count":0,"_bbp_anonymous_reply_count":0,"_bbp_topic_count_hidden":0,"_bbp_reply_count_hidden":0,"_bbp_forum_subforum_count":0,"footnotes":""},"categories":[6,29],"tags":[116,58],"class_list":["post-4940","post","type-post","status-publish","format-standard","has-post-thumbnail","hentry","category-eso-3","category-portada","tag-ciencies","tag-tallers"],"post_mailing_queue_ids":[],"_links":{"self":[{"href":"https:\/\/agora.xtec.cat\/instarragona\/wp-json\/wp\/v2\/posts\/4940","targetHints":{"allow":["GET"]}}],"collection":[{"href":"https:\/\/agora.xtec.cat\/instarragona\/wp-json\/wp\/v2\/posts"}],"about":[{"href":"https:\/\/agora.xtec.cat\/instarragona\/wp-json\/wp\/v2\/types\/post"}],"author":[{"embeddable":true,"href":"https:\/\/agora.xtec.cat\/instarragona\/wp-json\/wp\/v2\/users\/1"}],"replies":[{"embeddable":true,"href":"https:\/\/agora.xtec.cat\/instarragona\/wp-json\/wp\/v2\/comments?post=4940"}],"version-history":[{"count":1,"href":"https:\/\/agora.xtec.cat\/instarragona\/wp-json\/wp\/v2\/posts\/4940\/revisions"}],"predecessor-version":[{"id":4944,"href":"https:\/\/agora.xtec.cat\/instarragona\/wp-json\/wp\/v2\/posts\/4940\/revisions\/4944"}],"wp:featuredmedia":[{"embeddable":true,"href":"https:\/\/agora.xtec.cat\/instarragona\/wp-json\/wp\/v2\/media\/4942"}],"wp:attachment":[{"href":"https:\/\/agora.xtec.cat\/instarragona\/wp-json\/wp\/v2\/media?parent=4940"}],"wp:term":[{"taxonomy":"category","embeddable":true,"href":"https:\/\/agora.xtec.cat\/instarragona\/wp-json\/wp\/v2\/categories?post=4940"},{"taxonomy":"post_tag","embeddable":true,"href":"https:\/\/agora.xtec.cat\/instarragona\/wp-json\/wp\/v2\/tags?post=4940"}],"curies":[{"name":"wp","href":"https:\/\/api.w.org\/{rel}","templated":true}]}}