{"id":4931,"date":"2024-02-22T11:20:32","date_gmt":"2024-02-22T10:20:32","guid":{"rendered":"https:\/\/agora.xtec.cat\/instarragona\/?p=4931"},"modified":"2024-02-22T11:20:32","modified_gmt":"2024-02-22T10:20:32","slug":"records-de-lesquiada","status":"publish","type":"post","link":"https:\/\/agora.xtec.cat\/instarragona\/eso\/eso-2\/records-de-lesquiada\/","title":{"rendered":"Records de l&#8217;esquiada"},"content":{"rendered":"<p>Hi haur\u00e0 neu? No hi haur\u00e0 neu? Doncs s\u00ed! Els alumnes de 2n d&#8217;ESO, un any m\u00e9s van poder <a href=\"https:\/\/drive.google.com\/drive\/folders\/1-f6SncTxjC27PuVFA0fI_l3FKmcC06UG?usp=drive_link\" target=\"_blank\" rel=\"noopener\">esquiar<\/a> a les pistes de la Molina. Tres dies perfectes per gaudir d&#8217;un esport diferent, en plena natura, aire net i fred&#8230; poc, la veritat!<\/p>\n<p>L&#8217;experi\u00e8ncia sempre \u00e9s \u00fanica. Repetirem!<\/p>\n<p><img loading=\"lazy\" decoding=\"async\" class=\"aligncenter size-full wp-image-4935\" src=\"https:\/\/agora.xtec.cat\/instarragona\/wp-content\/uploads\/usu484\/2024\/02\/3.jpg\" alt=\"\" width=\"846\" height=\"604\" srcset=\"https:\/\/agora.xtec.cat\/instarragona\/wp-content\/uploads\/usu484\/2024\/02\/3.jpg 846w, https:\/\/agora.xtec.cat\/instarragona\/wp-content\/uploads\/usu484\/2024\/02\/3-300x214.jpg 300w, https:\/\/agora.xtec.cat\/instarragona\/wp-content\/uploads\/usu484\/2024\/02\/3-768x548.jpg 768w\" sizes=\"auto, (max-width: 846px) 100vw, 846px\" \/><\/p>\n<p><img loading=\"lazy\" decoding=\"async\" class=\"aligncenter size-full wp-image-4933\" src=\"https:\/\/agora.xtec.cat\/instarragona\/wp-content\/uploads\/usu484\/2024\/02\/1.jpg\" alt=\"\" width=\"814\" height=\"562\" srcset=\"https:\/\/agora.xtec.cat\/instarragona\/wp-content\/uploads\/usu484\/2024\/02\/1.jpg 814w, https:\/\/agora.xtec.cat\/instarragona\/wp-content\/uploads\/usu484\/2024\/02\/1-300x207.jpg 300w, https:\/\/agora.xtec.cat\/instarragona\/wp-content\/uploads\/usu484\/2024\/02\/1-768x530.jpg 768w\" sizes=\"auto, (max-width: 814px) 100vw, 814px\" \/> <img loading=\"lazy\" decoding=\"async\" class=\"aligncenter size-full wp-image-4934\" src=\"https:\/\/agora.xtec.cat\/instarragona\/wp-content\/uploads\/usu484\/2024\/02\/2.jpg\" alt=\"\" width=\"781\" height=\"601\" srcset=\"https:\/\/agora.xtec.cat\/instarragona\/wp-content\/uploads\/usu484\/2024\/02\/2.jpg 781w, https:\/\/agora.xtec.cat\/instarragona\/wp-content\/uploads\/usu484\/2024\/02\/2-300x231.jpg 300w, https:\/\/agora.xtec.cat\/instarragona\/wp-content\/uploads\/usu484\/2024\/02\/2-768x591.jpg 768w\" sizes=\"auto, (max-width: 781px) 100vw, 781px\" \/><\/p>\n<p>&nbsp;<\/p>\n<p><img loading=\"lazy\" decoding=\"async\" class=\"aligncenter size-full wp-image-4932\" src=\"https:\/\/agora.xtec.cat\/instarragona\/wp-content\/uploads\/usu484\/2024\/02\/Captura-de-pantalla-2024-02-22-111526.jpg\" alt=\"\" width=\"814\" height=\"604\" srcset=\"https:\/\/agora.xtec.cat\/instarragona\/wp-content\/uploads\/usu484\/2024\/02\/Captura-de-pantalla-2024-02-22-111526.jpg 814w, https:\/\/agora.xtec.cat\/instarragona\/wp-content\/uploads\/usu484\/2024\/02\/Captura-de-pantalla-2024-02-22-111526-300x223.jpg 300w, https:\/\/agora.xtec.cat\/instarragona\/wp-content\/uploads\/usu484\/2024\/02\/Captura-de-pantalla-2024-02-22-111526-768x570.jpg 768w\" sizes=\"auto, (max-width: 814px) 100vw, 814px\" \/><\/p>\n<p>&nbsp;<\/p>\n","protected":false},"excerpt":{"rendered":"<p>Hi haur\u00e0 neu? No hi haur\u00e0 neu? Doncs s\u00ed! Els alumnes de 2n d&#8217;ESO, un any m\u00e9s van poder <a href=\"https:\/\/drive.google.com\/drive\/folders\/1-f6SncTxjC27PuVFA0fI_l3FKmcC06UG?usp=drive_link\" target=\"_blank\" rel=\"noopener\">esquiar<\/a> a les pistes de la Molina. Tres dies perfectes per gaudir d&#8217;un esport diferent, en plena natura, aire net i fred&#8230; poc,&hellip;  <a href=\"https:\/\/agora.xtec.cat\/instarragona\/eso\/eso-2\/records-de-lesquiada\/\" title=\"Read Records de l&#8217;esquiada\">Llegeix m\u00e9s\u00bb<\/a><\/p>\n","protected":false},"author":1,"featured_media":4933,"comment_status":"open","ping_status":"closed","sticky":false,"template":"","format":"standard","meta":{"_bbp_topic_count":0,"_bbp_reply_count":0,"_bbp_total_topic_count":0,"_bbp_total_reply_count":0,"_bbp_voice_count":0,"_bbp_anonymous_reply_count":0,"_bbp_topic_count_hidden":0,"_bbp_reply_count_hidden":0,"_bbp_forum_subforum_count":0,"footnotes":""},"categories":[5,29],"tags":[138,39],"class_list":["post-4931","post","type-post","status-publish","format-standard","has-post-thumbnail","hentry","category-eso-2","category-portada","tag-ef","tag-sortides"],"post_mailing_queue_ids":[],"_links":{"self":[{"href":"https:\/\/agora.xtec.cat\/instarragona\/wp-json\/wp\/v2\/posts\/4931","targetHints":{"allow":["GET"]}}],"collection":[{"href":"https:\/\/agora.xtec.cat\/instarragona\/wp-json\/wp\/v2\/posts"}],"about":[{"href":"https:\/\/agora.xtec.cat\/instarragona\/wp-json\/wp\/v2\/types\/post"}],"author":[{"embeddable":true,"href":"https:\/\/agora.xtec.cat\/instarragona\/wp-json\/wp\/v2\/users\/1"}],"replies":[{"embeddable":true,"href":"https:\/\/agora.xtec.cat\/instarragona\/wp-json\/wp\/v2\/comments?post=4931"}],"version-history":[{"count":1,"href":"https:\/\/agora.xtec.cat\/instarragona\/wp-json\/wp\/v2\/posts\/4931\/revisions"}],"predecessor-version":[{"id":4936,"href":"https:\/\/agora.xtec.cat\/instarragona\/wp-json\/wp\/v2\/posts\/4931\/revisions\/4936"}],"wp:featuredmedia":[{"embeddable":true,"href":"https:\/\/agora.xtec.cat\/instarragona\/wp-json\/wp\/v2\/media\/4933"}],"wp:attachment":[{"href":"https:\/\/agora.xtec.cat\/instarragona\/wp-json\/wp\/v2\/media?parent=4931"}],"wp:term":[{"taxonomy":"category","embeddable":true,"href":"https:\/\/agora.xtec.cat\/instarragona\/wp-json\/wp\/v2\/categories?post=4931"},{"taxonomy":"post_tag","embeddable":true,"href":"https:\/\/agora.xtec.cat\/instarragona\/wp-json\/wp\/v2\/tags?post=4931"}],"curies":[{"name":"wp","href":"https:\/\/api.w.org\/{rel}","templated":true}]}}