{"id":4921,"date":"2024-02-01T14:16:16","date_gmt":"2024-02-01T13:16:16","guid":{"rendered":"https:\/\/agora.xtec.cat\/instarragona\/?p=4921"},"modified":"2024-02-01T14:16:50","modified_gmt":"2024-02-01T13:16:50","slug":"caminar-per-coneixer-projecte-de-1r","status":"publish","type":"post","link":"https:\/\/agora.xtec.cat\/instarragona\/eso\/eso-1\/caminar-per-coneixer-projecte-de-1r\/","title":{"rendered":"Caminar per con\u00e8ixer, projecte de 1r"},"content":{"rendered":"<p>Sens dubte hem gaudit de la sortida del projecte ling\u00fc\u00edstic de 1r d&#8217;ESO, &#8220;Caminar per con\u00e8ixer&#8221;. Durant la sortida vam poder veure els monuments romans m\u00e9s importants de la ciutat i l&#8217;alumnat va gravar el material necessari per elaborar les tasques del projecte.<\/p>\n<p><img loading=\"lazy\" decoding=\"async\" class=\"aligncenter size-full wp-image-4922\" src=\"https:\/\/agora.xtec.cat\/instarragona\/wp-content\/uploads\/usu484\/2024\/02\/SORT.jpg\" alt=\"\" width=\"865\" height=\"582\" srcset=\"https:\/\/agora.xtec.cat\/instarragona\/wp-content\/uploads\/usu484\/2024\/02\/SORT.jpg 865w, https:\/\/agora.xtec.cat\/instarragona\/wp-content\/uploads\/usu484\/2024\/02\/SORT-300x202.jpg 300w, https:\/\/agora.xtec.cat\/instarragona\/wp-content\/uploads\/usu484\/2024\/02\/SORT-768x517.jpg 768w\" sizes=\"auto, (max-width: 865px) 100vw, 865px\" \/><\/p>\n<div><img loading=\"lazy\" decoding=\"async\" class=\"aligncenter size-full wp-image-4923\" src=\"https:\/\/agora.xtec.cat\/instarragona\/wp-content\/uploads\/usu484\/2024\/02\/SORT-1.jpg\" alt=\"\" width=\"871\" height=\"648\" srcset=\"https:\/\/agora.xtec.cat\/instarragona\/wp-content\/uploads\/usu484\/2024\/02\/SORT-1.jpg 871w, https:\/\/agora.xtec.cat\/instarragona\/wp-content\/uploads\/usu484\/2024\/02\/SORT-1-300x223.jpg 300w, https:\/\/agora.xtec.cat\/instarragona\/wp-content\/uploads\/usu484\/2024\/02\/SORT-1-768x571.jpg 768w, https:\/\/agora.xtec.cat\/instarragona\/wp-content\/uploads\/usu484\/2024\/02\/SORT-1-200x150.jpg 200w\" sizes=\"auto, (max-width: 871px) 100vw, 871px\" \/><\/div>\n","protected":false},"excerpt":{"rendered":"<p>Sens dubte hem gaudit de la sortida del projecte ling\u00fc\u00edstic de 1r d&#8217;ESO, &#8220;Caminar per con\u00e8ixer&#8221;. Durant la sortida vam poder veure els monuments romans m\u00e9s importants de la ciutat i l&#8217;alumnat va gravar el material necessari per elaborar les tasques del projecte.<\/p>\n","protected":false},"author":1,"featured_media":4922,"comment_status":"open","ping_status":"closed","sticky":false,"template":"","format":"standard","meta":{"_bbp_topic_count":0,"_bbp_reply_count":0,"_bbp_total_topic_count":0,"_bbp_total_reply_count":0,"_bbp_voice_count":0,"_bbp_anonymous_reply_count":0,"_bbp_topic_count_hidden":0,"_bbp_reply_count_hidden":0,"_bbp_forum_subforum_count":0,"footnotes":""},"categories":[4,29],"tags":[99,39],"class_list":["post-4921","post","type-post","status-publish","format-standard","has-post-thumbnail","hentry","category-eso-1","category-portada","tag-projectes","tag-sortides"],"post_mailing_queue_ids":[],"_links":{"self":[{"href":"https:\/\/agora.xtec.cat\/instarragona\/wp-json\/wp\/v2\/posts\/4921","targetHints":{"allow":["GET"]}}],"collection":[{"href":"https:\/\/agora.xtec.cat\/instarragona\/wp-json\/wp\/v2\/posts"}],"about":[{"href":"https:\/\/agora.xtec.cat\/instarragona\/wp-json\/wp\/v2\/types\/post"}],"author":[{"embeddable":true,"href":"https:\/\/agora.xtec.cat\/instarragona\/wp-json\/wp\/v2\/users\/1"}],"replies":[{"embeddable":true,"href":"https:\/\/agora.xtec.cat\/instarragona\/wp-json\/wp\/v2\/comments?post=4921"}],"version-history":[{"count":1,"href":"https:\/\/agora.xtec.cat\/instarragona\/wp-json\/wp\/v2\/posts\/4921\/revisions"}],"predecessor-version":[{"id":4924,"href":"https:\/\/agora.xtec.cat\/instarragona\/wp-json\/wp\/v2\/posts\/4921\/revisions\/4924"}],"wp:featuredmedia":[{"embeddable":true,"href":"https:\/\/agora.xtec.cat\/instarragona\/wp-json\/wp\/v2\/media\/4922"}],"wp:attachment":[{"href":"https:\/\/agora.xtec.cat\/instarragona\/wp-json\/wp\/v2\/media?parent=4921"}],"wp:term":[{"taxonomy":"category","embeddable":true,"href":"https:\/\/agora.xtec.cat\/instarragona\/wp-json\/wp\/v2\/categories?post=4921"},{"taxonomy":"post_tag","embeddable":true,"href":"https:\/\/agora.xtec.cat\/instarragona\/wp-json\/wp\/v2\/tags?post=4921"}],"curies":[{"name":"wp","href":"https:\/\/api.w.org\/{rel}","templated":true}]}}