{"id":4916,"date":"2024-02-01T14:10:26","date_gmt":"2024-02-01T13:10:26","guid":{"rendered":"https:\/\/agora.xtec.cat\/instarragona\/?p=4916"},"modified":"2024-03-25T08:49:48","modified_gmt":"2024-03-25T07:49:48","slug":"cap-a-les-cangur","status":"publish","type":"post","link":"https:\/\/agora.xtec.cat\/instarragona\/eso\/cap-a-les-cangur\/","title":{"rendered":"Cap a les Cangur!"},"content":{"rendered":"<p>Un any m\u00e9s ja tenim aqu\u00ed les proves Cangur. El nostre alumnat m\u00e9s matem\u00e0tic, hi ha volgut <strong><a href=\"https:\/\/drive.google.com\/drive\/folders\/1-QX9Kbb2S80j7xyt_rZF09F4wmBN0Oxl?usp=drive_link\">participar<\/a><\/strong>.<\/p>\n<p>\u00c9s un concurs organitzat per l&#8217;associaci\u00f3\u00a0<em>Le Kangourou sans fronti\u00e8res<\/em>, impulsora de la prova en l&#8217;\u00e0mbit internacional. Des de la Societat Catalana de Matem\u00e0tiques, la <strong><a href=\"https:\/\/scm.iec.cat\/\" target=\"_blank\" rel=\"noopener\">SCM<\/a><\/strong>, es convoca la prova Cangur 2024 a Catalunya<\/p>\n<p>Ara a l&#8217;espera dels resultats. Gr\u00e0cies a tots per la vostra col\u00b7laboraci\u00f3.<\/p>\n<p><img loading=\"lazy\" decoding=\"async\" class=\"aligncenter size-full wp-image-4918\" src=\"https:\/\/agora.xtec.cat\/instarragona\/wp-content\/uploads\/usu484\/2024\/02\/CANG.jpg\" alt=\"\" width=\"826\" height=\"532\" srcset=\"https:\/\/agora.xtec.cat\/instarragona\/wp-content\/uploads\/usu484\/2024\/02\/CANG.jpg 826w, https:\/\/agora.xtec.cat\/instarragona\/wp-content\/uploads\/usu484\/2024\/02\/CANG-300x193.jpg 300w, https:\/\/agora.xtec.cat\/instarragona\/wp-content\/uploads\/usu484\/2024\/02\/CANG-768x495.jpg 768w\" sizes=\"auto, (max-width: 826px) 100vw, 826px\" \/><\/p>\n<p><img loading=\"lazy\" decoding=\"async\" class=\"aligncenter size-full wp-image-5037\" src=\"https:\/\/agora.xtec.cat\/instarragona\/wp-content\/uploads\/usu484\/2024\/02\/Captura-de-pantalla-2024-03-25-084911.jpg\" alt=\"\" width=\"1006\" height=\"532\" srcset=\"https:\/\/agora.xtec.cat\/instarragona\/wp-content\/uploads\/usu484\/2024\/02\/Captura-de-pantalla-2024-03-25-084911.jpg 1006w, https:\/\/agora.xtec.cat\/instarragona\/wp-content\/uploads\/usu484\/2024\/02\/Captura-de-pantalla-2024-03-25-084911-300x159.jpg 300w, https:\/\/agora.xtec.cat\/instarragona\/wp-content\/uploads\/usu484\/2024\/02\/Captura-de-pantalla-2024-03-25-084911-768x406.jpg 768w\" sizes=\"auto, (max-width: 1006px) 100vw, 1006px\" \/><\/p>\n","protected":false},"excerpt":{"rendered":"<p>Un any m\u00e9s ja tenim aqu\u00ed les proves Cangur. El nostre alumnat m\u00e9s matem\u00e0tic, hi ha volgut <a href=\"https:\/\/drive.google.com\/drive\/folders\/1-QX9Kbb2S80j7xyt_rZF09F4wmBN0Oxl?usp=drive_link\">participar<\/a>.<br \/>\n\u00c9s un concurs organitzat per l&#8217;associaci\u00f3\u00a0Le Kangourou sans fronti\u00e8res, impulsora de la prova en l&#8217;\u00e0mbit internacional. Des de la Societat Catalana de Matem\u00e0tiques, la <a href=\"https:\/\/scm.iec.cat\/\" target=\"_blank\"&hellip;  <a href=\"https:\/\/agora.xtec.cat\/instarragona\/eso\/cap-a-les-cangur\/\" title=\"Read Cap a les Cangur!\">Llegeix m\u00e9s\u00bb<\/a><\/p>\n","protected":false},"author":1,"featured_media":4917,"comment_status":"open","ping_status":"closed","sticky":false,"template":"","format":"standard","meta":{"_bbp_topic_count":0,"_bbp_reply_count":0,"_bbp_total_topic_count":0,"_bbp_total_reply_count":0,"_bbp_voice_count":0,"_bbp_anonymous_reply_count":0,"_bbp_topic_count_hidden":0,"_bbp_reply_count_hidden":0,"_bbp_forum_subforum_count":0,"footnotes":""},"categories":[3,29],"tags":[104,41],"class_list":["post-4916","post","type-post","status-publish","format-standard","has-post-thumbnail","hentry","category-eso","category-portada","tag-concursos","tag-matematiques"],"post_mailing_queue_ids":[],"_links":{"self":[{"href":"https:\/\/agora.xtec.cat\/instarragona\/wp-json\/wp\/v2\/posts\/4916","targetHints":{"allow":["GET"]}}],"collection":[{"href":"https:\/\/agora.xtec.cat\/instarragona\/wp-json\/wp\/v2\/posts"}],"about":[{"href":"https:\/\/agora.xtec.cat\/instarragona\/wp-json\/wp\/v2\/types\/post"}],"author":[{"embeddable":true,"href":"https:\/\/agora.xtec.cat\/instarragona\/wp-json\/wp\/v2\/users\/1"}],"replies":[{"embeddable":true,"href":"https:\/\/agora.xtec.cat\/instarragona\/wp-json\/wp\/v2\/comments?post=4916"}],"version-history":[{"count":3,"href":"https:\/\/agora.xtec.cat\/instarragona\/wp-json\/wp\/v2\/posts\/4916\/revisions"}],"predecessor-version":[{"id":5038,"href":"https:\/\/agora.xtec.cat\/instarragona\/wp-json\/wp\/v2\/posts\/4916\/revisions\/5038"}],"wp:featuredmedia":[{"embeddable":true,"href":"https:\/\/agora.xtec.cat\/instarragona\/wp-json\/wp\/v2\/media\/4917"}],"wp:attachment":[{"href":"https:\/\/agora.xtec.cat\/instarragona\/wp-json\/wp\/v2\/media?parent=4916"}],"wp:term":[{"taxonomy":"category","embeddable":true,"href":"https:\/\/agora.xtec.cat\/instarragona\/wp-json\/wp\/v2\/categories?post=4916"},{"taxonomy":"post_tag","embeddable":true,"href":"https:\/\/agora.xtec.cat\/instarragona\/wp-json\/wp\/v2\/tags?post=4916"}],"curies":[{"name":"wp","href":"https:\/\/api.w.org\/{rel}","templated":true}]}}