{"id":4891,"date":"2024-01-12T12:20:51","date_gmt":"2024-01-12T11:20:51","guid":{"rendered":"https:\/\/agora.xtec.cat\/instarragona\/?p=4891"},"modified":"2024-01-12T12:20:51","modified_gmt":"2024-01-12T11:20:51","slug":"lalegria-que-passa","status":"publish","type":"post","link":"https:\/\/agora.xtec.cat\/instarragona\/batxillerat\/lalegria-que-passa\/","title":{"rendered":"L&#8217;alegria que passa"},"content":{"rendered":"<p dir=\"ltr\">Els alumnes de literatura universal, creaci\u00f3 liter\u00e0ria i literatura catalana de 1r i 2n de BAT, vam anar a Barcelona a veure la representaci\u00f3 de \u201c<strong><a href=\"https:\/\/www.youtube.com\/watch?v=s4y-qYURaHw\" target=\"_blank\" rel=\"noopener\">L\u2019alegria que passa<\/a><\/strong>\u201d, basada en una obra teatral de Santiago Rusi\u00f1ol, interpretada per la companyia Dagoll Dagom.<\/p>\n<p dir=\"ltr\">L\u2019obra \u00e9s un musical que va agradar tant als alumnes com a les professores. Tot i que no tots els alumnes ens hem llegit l&#8217;obra, el musical \u00e9s una versi\u00f3 for\u00e7a entenedora i molt entretinguda, a m\u00e9s d\u2019\u00fatil per a la Selectivitat. La vam gaudir molt; val la pena anar-hi!&#8221;<\/p>\n<p dir=\"ltr\"><img loading=\"lazy\" decoding=\"async\" class=\"aligncenter size-full wp-image-4892\" src=\"https:\/\/agora.xtec.cat\/instarragona\/wp-content\/uploads\/usu484\/2024\/01\/2.png\" alt=\"\" width=\"974\" height=\"639\" srcset=\"https:\/\/agora.xtec.cat\/instarragona\/wp-content\/uploads\/usu484\/2024\/01\/2.png 974w, https:\/\/agora.xtec.cat\/instarragona\/wp-content\/uploads\/usu484\/2024\/01\/2-300x197.png 300w, https:\/\/agora.xtec.cat\/instarragona\/wp-content\/uploads\/usu484\/2024\/01\/2-768x504.png 768w\" sizes=\"auto, (max-width: 974px) 100vw, 974px\" \/><\/p>\n<p dir=\"ltr\">\n<p dir=\"ltr\"><img loading=\"lazy\" decoding=\"async\" class=\"aligncenter size-full wp-image-4893\" src=\"https:\/\/agora.xtec.cat\/instarragona\/wp-content\/uploads\/usu484\/2024\/01\/Captura.png\" alt=\"\" width=\"1028\" height=\"752\" srcset=\"https:\/\/agora.xtec.cat\/instarragona\/wp-content\/uploads\/usu484\/2024\/01\/Captura.png 1028w, https:\/\/agora.xtec.cat\/instarragona\/wp-content\/uploads\/usu484\/2024\/01\/Captura-300x219.png 300w, https:\/\/agora.xtec.cat\/instarragona\/wp-content\/uploads\/usu484\/2024\/01\/Captura-1024x749.png 1024w, https:\/\/agora.xtec.cat\/instarragona\/wp-content\/uploads\/usu484\/2024\/01\/Captura-768x562.png 768w\" sizes=\"auto, (max-width: 1028px) 100vw, 1028px\" \/><\/p>\n<p dir=\"ltr\">\n<p dir=\"ltr\">Escrit per Aran Bres\u00f3 &#8211; 1r BAT C<\/p>\n","protected":false},"excerpt":{"rendered":"<p>Els alumnes de literatura universal, creaci\u00f3 liter\u00e0ria i literatura catalana de 1r i 2n de BAT, vam anar a Barcelona a veure la representaci\u00f3 de \u201c<a href=\"https:\/\/www.youtube.com\/watch?v=s4y-qYURaHw\" target=\"_blank\" rel=\"noopener\">L\u2019alegria que passa<\/a>\u201d, basada en una obra teatral de Santiago Rusi\u00f1ol, interpretada per la companyia Dagoll Dagom.<br \/>\nL\u2019obra&hellip;  <a href=\"https:\/\/agora.xtec.cat\/instarragona\/batxillerat\/lalegria-que-passa\/\" title=\"Read L&#8217;alegria que passa\">Llegeix m\u00e9s\u00bb<\/a><\/p>\n","protected":false},"author":1,"featured_media":4894,"comment_status":"open","ping_status":"closed","sticky":false,"template":"","format":"standard","meta":{"_bbp_topic_count":0,"_bbp_reply_count":0,"_bbp_total_topic_count":0,"_bbp_total_reply_count":0,"_bbp_voice_count":0,"_bbp_anonymous_reply_count":0,"_bbp_topic_count_hidden":0,"_bbp_reply_count_hidden":0,"_bbp_forum_subforum_count":0,"footnotes":""},"categories":[8,29],"tags":[40],"class_list":["post-4891","post","type-post","status-publish","format-standard","has-post-thumbnail","hentry","category-batxillerat","category-portada","tag-teatre"],"post_mailing_queue_ids":[],"_links":{"self":[{"href":"https:\/\/agora.xtec.cat\/instarragona\/wp-json\/wp\/v2\/posts\/4891","targetHints":{"allow":["GET"]}}],"collection":[{"href":"https:\/\/agora.xtec.cat\/instarragona\/wp-json\/wp\/v2\/posts"}],"about":[{"href":"https:\/\/agora.xtec.cat\/instarragona\/wp-json\/wp\/v2\/types\/post"}],"author":[{"embeddable":true,"href":"https:\/\/agora.xtec.cat\/instarragona\/wp-json\/wp\/v2\/users\/1"}],"replies":[{"embeddable":true,"href":"https:\/\/agora.xtec.cat\/instarragona\/wp-json\/wp\/v2\/comments?post=4891"}],"version-history":[{"count":1,"href":"https:\/\/agora.xtec.cat\/instarragona\/wp-json\/wp\/v2\/posts\/4891\/revisions"}],"predecessor-version":[{"id":4895,"href":"https:\/\/agora.xtec.cat\/instarragona\/wp-json\/wp\/v2\/posts\/4891\/revisions\/4895"}],"wp:featuredmedia":[{"embeddable":true,"href":"https:\/\/agora.xtec.cat\/instarragona\/wp-json\/wp\/v2\/media\/4894"}],"wp:attachment":[{"href":"https:\/\/agora.xtec.cat\/instarragona\/wp-json\/wp\/v2\/media?parent=4891"}],"wp:term":[{"taxonomy":"category","embeddable":true,"href":"https:\/\/agora.xtec.cat\/instarragona\/wp-json\/wp\/v2\/categories?post=4891"},{"taxonomy":"post_tag","embeddable":true,"href":"https:\/\/agora.xtec.cat\/instarragona\/wp-json\/wp\/v2\/tags?post=4891"}],"curies":[{"name":"wp","href":"https:\/\/api.w.org\/{rel}","templated":true}]}}