{"id":4887,"date":"2024-01-10T14:12:37","date_gmt":"2024-01-10T13:12:37","guid":{"rendered":"https:\/\/agora.xtec.cat\/instarragona\/?p=4887"},"modified":"2024-01-10T14:13:27","modified_gmt":"2024-01-10T13:13:27","slug":"avancem-en-llengues-estrangeres","status":"publish","type":"post","link":"https:\/\/agora.xtec.cat\/instarragona\/batxillerat\/avancem-en-llengues-estrangeres\/","title":{"rendered":"Avancem en lleng\u00fces estrangeres"},"content":{"rendered":"<p>Els nostres alumnes de 1r de batxillerat recullen el t\u00edtol oficial de franc\u00e8s <strong><a href=\"https:\/\/delf-scolaire.cat\/\" target=\"_blank\" rel=\"noopener\">DELF Scolaire<\/a><\/strong> A2.\u00a0N&#8217;estem molt i molt orgullosos.<\/p>\n<p>Un merescut premi al vostre esfor\u00e7!<\/p>\n<p><img loading=\"lazy\" decoding=\"async\" class=\"aligncenter size-full wp-image-4888\" src=\"https:\/\/agora.xtec.cat\/instarragona\/wp-content\/uploads\/usu484\/2024\/01\/Captura-4.jpg\" alt=\"\" width=\"624\" height=\"473\" srcset=\"https:\/\/agora.xtec.cat\/instarragona\/wp-content\/uploads\/usu484\/2024\/01\/Captura-4.jpg 624w, https:\/\/agora.xtec.cat\/instarragona\/wp-content\/uploads\/usu484\/2024\/01\/Captura-4-300x227.jpg 300w\" sizes=\"auto, (max-width: 624px) 100vw, 624px\" \/><\/p>\n","protected":false},"excerpt":{"rendered":"<p>Els nostres alumnes de 1r de batxillerat recullen el t\u00edtol oficial de franc\u00e8s <a href=\"https:\/\/delf-scolaire.cat\/\" target=\"_blank\" rel=\"noopener\">DELF Scolaire<\/a> A2.\u00a0N&#8217;estem molt i molt orgullosos.<br \/>\nUn merescut premi al vostre esfor\u00e7!<\/p>\n","protected":false},"author":1,"featured_media":0,"comment_status":"open","ping_status":"closed","sticky":false,"template":"","format":"standard","meta":{"_bbp_topic_count":0,"_bbp_reply_count":0,"_bbp_total_topic_count":0,"_bbp_total_reply_count":0,"_bbp_voice_count":0,"_bbp_anonymous_reply_count":0,"_bbp_topic_count_hidden":0,"_bbp_reply_count_hidden":0,"_bbp_forum_subforum_count":0,"footnotes":""},"categories":[8,29],"tags":[126],"class_list":["post-4887","post","type-post","status-publish","format-standard","hentry","category-batxillerat","category-portada","tag-frances"],"post_mailing_queue_ids":[],"_links":{"self":[{"href":"https:\/\/agora.xtec.cat\/instarragona\/wp-json\/wp\/v2\/posts\/4887","targetHints":{"allow":["GET"]}}],"collection":[{"href":"https:\/\/agora.xtec.cat\/instarragona\/wp-json\/wp\/v2\/posts"}],"about":[{"href":"https:\/\/agora.xtec.cat\/instarragona\/wp-json\/wp\/v2\/types\/post"}],"author":[{"embeddable":true,"href":"https:\/\/agora.xtec.cat\/instarragona\/wp-json\/wp\/v2\/users\/1"}],"replies":[{"embeddable":true,"href":"https:\/\/agora.xtec.cat\/instarragona\/wp-json\/wp\/v2\/comments?post=4887"}],"version-history":[{"count":2,"href":"https:\/\/agora.xtec.cat\/instarragona\/wp-json\/wp\/v2\/posts\/4887\/revisions"}],"predecessor-version":[{"id":4890,"href":"https:\/\/agora.xtec.cat\/instarragona\/wp-json\/wp\/v2\/posts\/4887\/revisions\/4890"}],"wp:attachment":[{"href":"https:\/\/agora.xtec.cat\/instarragona\/wp-json\/wp\/v2\/media?parent=4887"}],"wp:term":[{"taxonomy":"category","embeddable":true,"href":"https:\/\/agora.xtec.cat\/instarragona\/wp-json\/wp\/v2\/categories?post=4887"},{"taxonomy":"post_tag","embeddable":true,"href":"https:\/\/agora.xtec.cat\/instarragona\/wp-json\/wp\/v2\/tags?post=4887"}],"curies":[{"name":"wp","href":"https:\/\/api.w.org\/{rel}","templated":true}]}}