{"id":4881,"date":"2024-01-10T14:09:15","date_gmt":"2024-01-10T13:09:15","guid":{"rendered":"https:\/\/agora.xtec.cat\/instarragona\/?p=4881"},"modified":"2024-01-10T14:09:15","modified_gmt":"2024-01-10T13:09:15","slug":"sortida-a-valencia-del-batxillerat-cientific-i-tecnic","status":"publish","type":"post","link":"https:\/\/agora.xtec.cat\/instarragona\/batxillerat\/sortida-a-valencia-del-batxillerat-cientific-i-tecnic\/","title":{"rendered":"Sortida a Val\u00e8ncia del Batxillerat cient\u00edfic i t\u00e8cnic"},"content":{"rendered":"<p>Un any m\u00e9s hem anat a Val\u00e8ncia amb els nostres alumnes de Batxillerat. La veritat \u00e9s que la ciutat enamora i ens permet realitzar un gran nombre d&#8217;activitats. La visita al <strong><a href=\"http:\/\/cac.es\/va\/museu-de-les-ciencies\/\" target=\"_blank\" rel=\"noopener\">Museu de les ci\u00e8ncies<\/a><\/strong> a la Ciutat de les Arts i les Ci\u00e8ncies ens va permetre treballar diferents aspectes cient\u00edfico-t\u00e8cnics. Ens va cridar especialment l&#8217;atenci\u00f3 el taller dedicat a Mart i el d&#8217;Alt Voltatge. Tamb\u00e9 vam poder veure tamb\u00e9 la pel\u00b7l\u00edcula <strong><a href=\"https:\/\/cac.es\/va\/proyecciones\/planet-power-3d-la-energia-del-planeta\/\" target=\"_blank\" rel=\"noopener\">Energia del planeta <\/a><\/strong>i visitar el sempre sorprenent<strong>\u00a0<a href=\"https:\/\/www.bioparcvalencia.es\/\" target=\"_blank\" rel=\"noopener\">Bioparc.<\/a><\/strong><\/p>\n<p>Per \u00faltim, fer una passejada pels Jardins del T\u00faria i carregar piles al Parc del Gulliver sempre \u00e9s una de les activitats obligat\u00f2ries i que entusiasmen al nostre alumnat. L&#8217;any vinent hi tornarem!<\/p>\n<p><img loading=\"lazy\" decoding=\"async\" class=\"aligncenter  wp-image-4883\" src=\"https:\/\/agora.xtec.cat\/instarragona\/wp-content\/uploads\/usu484\/2024\/01\/Captura-1.jpg\" alt=\"\" width=\"774\" height=\"551\" srcset=\"https:\/\/agora.xtec.cat\/instarragona\/wp-content\/uploads\/usu484\/2024\/01\/Captura-1.jpg 1025w, https:\/\/agora.xtec.cat\/instarragona\/wp-content\/uploads\/usu484\/2024\/01\/Captura-1-300x214.jpg 300w, https:\/\/agora.xtec.cat\/instarragona\/wp-content\/uploads\/usu484\/2024\/01\/Captura-1-768x547.jpg 768w\" sizes=\"auto, (max-width: 774px) 100vw, 774px\" \/><\/p>\n<p><img loading=\"lazy\" decoding=\"async\" class=\"aligncenter  wp-image-4884\" src=\"https:\/\/agora.xtec.cat\/instarragona\/wp-content\/uploads\/usu484\/2024\/01\/Captura-2.jpg\" alt=\"\" width=\"511\" height=\"633\" srcset=\"https:\/\/agora.xtec.cat\/instarragona\/wp-content\/uploads\/usu484\/2024\/01\/Captura-2.jpg 441w, https:\/\/agora.xtec.cat\/instarragona\/wp-content\/uploads\/usu484\/2024\/01\/Captura-2-242x300.jpg 242w\" sizes=\"auto, (max-width: 511px) 100vw, 511px\" \/><\/p>\n<p><img loading=\"lazy\" decoding=\"async\" class=\"aligncenter size-full wp-image-4885\" src=\"https:\/\/agora.xtec.cat\/instarragona\/wp-content\/uploads\/usu484\/2024\/01\/Captura-3.jpg\" alt=\"\" width=\"982\" height=\"759\" srcset=\"https:\/\/agora.xtec.cat\/instarragona\/wp-content\/uploads\/usu484\/2024\/01\/Captura-3.jpg 982w, https:\/\/agora.xtec.cat\/instarragona\/wp-content\/uploads\/usu484\/2024\/01\/Captura-3-300x232.jpg 300w, https:\/\/agora.xtec.cat\/instarragona\/wp-content\/uploads\/usu484\/2024\/01\/Captura-3-768x594.jpg 768w\" sizes=\"auto, (max-width: 982px) 100vw, 982px\" \/><\/p>\n<p>&nbsp;<\/p>\n<p>M\u00e9s <a href=\"https:\/\/drive.google.com\/drive\/folders\/1-2p4WPqsbnZbdPW9NyFkKXnx_CLtahMv?usp=sharing\" target=\"_blank\" rel=\"noopener\"><strong>fotos<\/strong><\/a>.<\/p>\n<p>&nbsp;<\/p>\n","protected":false},"excerpt":{"rendered":"<p>Un any m\u00e9s hem anat a Val\u00e8ncia amb els nostres alumnes de Batxillerat. La veritat \u00e9s que la ciutat enamora i ens permet realitzar un gran nombre d&#8217;activitats. La visita al <a href=\"http:\/\/cac.es\/va\/museu-de-les-ciencies\/\" target=\"_blank\" rel=\"noopener\">Museu de les ci\u00e8ncies<\/a> a la Ciutat de les Arts i&hellip;  <a href=\"https:\/\/agora.xtec.cat\/instarragona\/batxillerat\/sortida-a-valencia-del-batxillerat-cientific-i-tecnic\/\" title=\"Read Sortida a Val\u00e8ncia del Batxillerat cient\u00edfic i t\u00e8cnic\">Llegeix m\u00e9s\u00bb<\/a><\/p>\n","protected":false},"author":1,"featured_media":4882,"comment_status":"open","ping_status":"closed","sticky":false,"template":"","format":"standard","meta":{"_bbp_topic_count":0,"_bbp_reply_count":0,"_bbp_total_topic_count":0,"_bbp_total_reply_count":0,"_bbp_voice_count":0,"_bbp_anonymous_reply_count":0,"_bbp_topic_count_hidden":0,"_bbp_reply_count_hidden":0,"_bbp_forum_subforum_count":0,"footnotes":""},"categories":[8,29],"tags":[116,39,110],"class_list":["post-4881","post","type-post","status-publish","format-standard","has-post-thumbnail","hentry","category-batxillerat","category-portada","tag-ciencies","tag-sortides","tag-tecnologia"],"post_mailing_queue_ids":[],"_links":{"self":[{"href":"https:\/\/agora.xtec.cat\/instarragona\/wp-json\/wp\/v2\/posts\/4881","targetHints":{"allow":["GET"]}}],"collection":[{"href":"https:\/\/agora.xtec.cat\/instarragona\/wp-json\/wp\/v2\/posts"}],"about":[{"href":"https:\/\/agora.xtec.cat\/instarragona\/wp-json\/wp\/v2\/types\/post"}],"author":[{"embeddable":true,"href":"https:\/\/agora.xtec.cat\/instarragona\/wp-json\/wp\/v2\/users\/1"}],"replies":[{"embeddable":true,"href":"https:\/\/agora.xtec.cat\/instarragona\/wp-json\/wp\/v2\/comments?post=4881"}],"version-history":[{"count":1,"href":"https:\/\/agora.xtec.cat\/instarragona\/wp-json\/wp\/v2\/posts\/4881\/revisions"}],"predecessor-version":[{"id":4886,"href":"https:\/\/agora.xtec.cat\/instarragona\/wp-json\/wp\/v2\/posts\/4881\/revisions\/4886"}],"wp:featuredmedia":[{"embeddable":true,"href":"https:\/\/agora.xtec.cat\/instarragona\/wp-json\/wp\/v2\/media\/4882"}],"wp:attachment":[{"href":"https:\/\/agora.xtec.cat\/instarragona\/wp-json\/wp\/v2\/media?parent=4881"}],"wp:term":[{"taxonomy":"category","embeddable":true,"href":"https:\/\/agora.xtec.cat\/instarragona\/wp-json\/wp\/v2\/categories?post=4881"},{"taxonomy":"post_tag","embeddable":true,"href":"https:\/\/agora.xtec.cat\/instarragona\/wp-json\/wp\/v2\/tags?post=4881"}],"curies":[{"name":"wp","href":"https:\/\/api.w.org\/{rel}","templated":true}]}}