{"id":4871,"date":"2023-12-20T09:51:09","date_gmt":"2023-12-20T08:51:09","guid":{"rendered":"https:\/\/agora.xtec.cat\/instarragona\/?p=4871"},"modified":"2023-12-20T09:53:25","modified_gmt":"2023-12-20T08:53:25","slug":"per-trencar-estigmes-i-per-la-salut-sexual","status":"publish","type":"post","link":"https:\/\/agora.xtec.cat\/instarragona\/portada\/per-trencar-estigmes-i-per-la-salut-sexual\/","title":{"rendered":"Per trencar estigmes i per la salut sexual"},"content":{"rendered":"<p class=\"entradeta\">La <a href=\"https:\/\/www.ccma.cat\/tv3\/marato\/2023\/310\/\" target=\"_blank\" rel=\"noopener\"><strong>Marat\u00f3<\/strong> <\/a>de 3Cat ha estat dedicada a\u00a0la SALUT SEXUAL I REPRODUCTIVA,\u00a0a les PATOLOGIES GINECOL\u00d2GIQUES I ANDROL\u00d2GIQUES, a les\u00a0INFECCIONS DE TRANSMISSI\u00d3 SEXUAL (ITS), a la\u00a0MEDICINA REPRODUCTIVA i la\u00a0SALUT MATERNOINFANTIL.\u00a0Sens dubte ha estat\u00a0una edici\u00f3 marcada per la mirada femenina i la vocaci\u00f3 d&#8217;arribar als joves per trencar tab\u00fas i estigmes al voltant de la salut sexual i reproductiva. A l&#8217;institut tamb\u00e9 ho hem treballat.<\/p>\n<table style=\"border-collapse: collapse; width: 100%;\">\n<tbody>\n<tr>\n<td style=\"width: 50%;\"><img loading=\"lazy\" decoding=\"async\" class=\"aligncenter size-full wp-image-4875\" src=\"https:\/\/agora.xtec.cat\/instarragona\/wp-content\/uploads\/usu484\/2023\/12\/Captura-4.jpg\" alt=\"\" width=\"1770\" height=\"848\" srcset=\"https:\/\/agora.xtec.cat\/instarragona\/wp-content\/uploads\/usu484\/2023\/12\/Captura-4.jpg 1770w, https:\/\/agora.xtec.cat\/instarragona\/wp-content\/uploads\/usu484\/2023\/12\/Captura-4-300x144.jpg 300w, https:\/\/agora.xtec.cat\/instarragona\/wp-content\/uploads\/usu484\/2023\/12\/Captura-4-1024x491.jpg 1024w, https:\/\/agora.xtec.cat\/instarragona\/wp-content\/uploads\/usu484\/2023\/12\/Captura-4-768x368.jpg 768w, https:\/\/agora.xtec.cat\/instarragona\/wp-content\/uploads\/usu484\/2023\/12\/Captura-4-1536x736.jpg 1536w\" sizes=\"auto, (max-width: 1770px) 100vw, 1770px\" \/><\/td>\n<td style=\"width: 50%;\"><img loading=\"lazy\" decoding=\"async\" class=\"aligncenter size-full wp-image-4874\" src=\"https:\/\/agora.xtec.cat\/instarragona\/wp-content\/uploads\/usu484\/2023\/12\/Captura.JPG2_.jpg\" alt=\"\" width=\"1617\" height=\"833\" srcset=\"https:\/\/agora.xtec.cat\/instarragona\/wp-content\/uploads\/usu484\/2023\/12\/Captura.JPG2_.jpg 1617w, https:\/\/agora.xtec.cat\/instarragona\/wp-content\/uploads\/usu484\/2023\/12\/Captura.JPG2_-300x155.jpg 300w, https:\/\/agora.xtec.cat\/instarragona\/wp-content\/uploads\/usu484\/2023\/12\/Captura.JPG2_-1024x528.jpg 1024w, https:\/\/agora.xtec.cat\/instarragona\/wp-content\/uploads\/usu484\/2023\/12\/Captura.JPG2_-768x396.jpg 768w, https:\/\/agora.xtec.cat\/instarragona\/wp-content\/uploads\/usu484\/2023\/12\/Captura.JPG2_-1536x791.jpg 1536w\" sizes=\"auto, (max-width: 1617px) 100vw, 1617px\" \/><\/td>\n<\/tr>\n<tr>\n<td style=\"width: 50%;\"><img loading=\"lazy\" decoding=\"async\" class=\"aligncenter size-full wp-image-4873\" src=\"https:\/\/agora.xtec.cat\/instarragona\/wp-content\/uploads\/usu484\/2023\/12\/Captura.JPG3_.jpg\" alt=\"\" width=\"1655\" height=\"830\" srcset=\"https:\/\/agora.xtec.cat\/instarragona\/wp-content\/uploads\/usu484\/2023\/12\/Captura.JPG3_.jpg 1655w, https:\/\/agora.xtec.cat\/instarragona\/wp-content\/uploads\/usu484\/2023\/12\/Captura.JPG3_-300x150.jpg 300w, https:\/\/agora.xtec.cat\/instarragona\/wp-content\/uploads\/usu484\/2023\/12\/Captura.JPG3_-1024x514.jpg 1024w, https:\/\/agora.xtec.cat\/instarragona\/wp-content\/uploads\/usu484\/2023\/12\/Captura.JPG3_-768x385.jpg 768w, https:\/\/agora.xtec.cat\/instarragona\/wp-content\/uploads\/usu484\/2023\/12\/Captura.JPG3_-1536x770.jpg 1536w\" sizes=\"auto, (max-width: 1655px) 100vw, 1655px\" \/><\/td>\n<td style=\"width: 50%;\"><img loading=\"lazy\" decoding=\"async\" class=\"aligncenter size-full wp-image-4872\" src=\"https:\/\/agora.xtec.cat\/instarragona\/wp-content\/uploads\/usu484\/2023\/12\/Captura.JPG4_.jpg\" alt=\"\" width=\"1703\" height=\"848\" srcset=\"https:\/\/agora.xtec.cat\/instarragona\/wp-content\/uploads\/usu484\/2023\/12\/Captura.JPG4_.jpg 1703w, https:\/\/agora.xtec.cat\/instarragona\/wp-content\/uploads\/usu484\/2023\/12\/Captura.JPG4_-300x149.jpg 300w, https:\/\/agora.xtec.cat\/instarragona\/wp-content\/uploads\/usu484\/2023\/12\/Captura.JPG4_-1024x510.jpg 1024w, https:\/\/agora.xtec.cat\/instarragona\/wp-content\/uploads\/usu484\/2023\/12\/Captura.JPG4_-768x382.jpg 768w, https:\/\/agora.xtec.cat\/instarragona\/wp-content\/uploads\/usu484\/2023\/12\/Captura.JPG4_-1536x765.jpg 1536w\" sizes=\"auto, (max-width: 1703px) 100vw, 1703px\" \/><\/td>\n<\/tr>\n<\/tbody>\n<\/table>\n","protected":false},"excerpt":{"rendered":"<p>La <a href=\"https:\/\/www.ccma.cat\/tv3\/marato\/2023\/310\/\" target=\"_blank\" rel=\"noopener\">Marat\u00f3 <\/a>de 3Cat ha estat dedicada a\u00a0la SALUT SEXUAL I REPRODUCTIVA,\u00a0a les PATOLOGIES GINECOL\u00d2GIQUES I ANDROL\u00d2GIQUES, a les\u00a0INFECCIONS DE TRANSMISSI\u00d3 SEXUAL (ITS), a la\u00a0MEDICINA REPRODUCTIVA i la\u00a0SALUT MATERNOINFANTIL.\u00a0Sens dubte ha estat\u00a0una edici\u00f3 marcada per la mirada femenina i la vocaci\u00f3 d&#8217;arribar&hellip;  <a href=\"https:\/\/agora.xtec.cat\/instarragona\/portada\/per-trencar-estigmes-i-per-la-salut-sexual\/\" title=\"Read Per trencar estigmes i per la salut sexual\">Llegeix m\u00e9s\u00bb<\/a><\/p>\n","protected":false},"author":1,"featured_media":4872,"comment_status":"open","ping_status":"closed","sticky":false,"template":"","format":"standard","meta":{"_bbp_topic_count":0,"_bbp_reply_count":0,"_bbp_total_topic_count":0,"_bbp_total_reply_count":0,"_bbp_voice_count":0,"_bbp_anonymous_reply_count":0,"_bbp_topic_count_hidden":0,"_bbp_reply_count_hidden":0,"_bbp_forum_subforum_count":0,"footnotes":""},"categories":[29],"tags":[117],"class_list":["post-4871","post","type-post","status-publish","format-standard","has-post-thumbnail","hentry","category-portada","tag-visual-i-plastica"],"post_mailing_queue_ids":[],"_links":{"self":[{"href":"https:\/\/agora.xtec.cat\/instarragona\/wp-json\/wp\/v2\/posts\/4871","targetHints":{"allow":["GET"]}}],"collection":[{"href":"https:\/\/agora.xtec.cat\/instarragona\/wp-json\/wp\/v2\/posts"}],"about":[{"href":"https:\/\/agora.xtec.cat\/instarragona\/wp-json\/wp\/v2\/types\/post"}],"author":[{"embeddable":true,"href":"https:\/\/agora.xtec.cat\/instarragona\/wp-json\/wp\/v2\/users\/1"}],"replies":[{"embeddable":true,"href":"https:\/\/agora.xtec.cat\/instarragona\/wp-json\/wp\/v2\/comments?post=4871"}],"version-history":[{"count":2,"href":"https:\/\/agora.xtec.cat\/instarragona\/wp-json\/wp\/v2\/posts\/4871\/revisions"}],"predecessor-version":[{"id":4877,"href":"https:\/\/agora.xtec.cat\/instarragona\/wp-json\/wp\/v2\/posts\/4871\/revisions\/4877"}],"wp:featuredmedia":[{"embeddable":true,"href":"https:\/\/agora.xtec.cat\/instarragona\/wp-json\/wp\/v2\/media\/4872"}],"wp:attachment":[{"href":"https:\/\/agora.xtec.cat\/instarragona\/wp-json\/wp\/v2\/media?parent=4871"}],"wp:term":[{"taxonomy":"category","embeddable":true,"href":"https:\/\/agora.xtec.cat\/instarragona\/wp-json\/wp\/v2\/categories?post=4871"},{"taxonomy":"post_tag","embeddable":true,"href":"https:\/\/agora.xtec.cat\/instarragona\/wp-json\/wp\/v2\/tags?post=4871"}],"curies":[{"name":"wp","href":"https:\/\/api.w.org\/{rel}","templated":true}]}}