{"id":4856,"date":"2023-12-18T09:37:14","date_gmt":"2023-12-18T08:37:14","guid":{"rendered":"https:\/\/agora.xtec.cat\/instarragona\/?p=4856"},"modified":"2023-12-18T09:37:14","modified_gmt":"2023-12-18T08:37:14","slug":"erasmus-de-llarga-durada-2023","status":"publish","type":"post","link":"https:\/\/agora.xtec.cat\/instarragona\/batxillerat\/erasmus-de-llarga-durada-2023\/","title":{"rendered":"Erasmus+ de llarga durada 2023"},"content":{"rendered":"<p>Laia, Joan, l&#8217;experi\u00e8ncia b\u00e9? Ja torneu a ser aqu\u00ed.\u00a0Heu passat un mes a Alem\u00e0nia, tota una experi\u00e8ncia Erasmus+. Ja ens ho explicareu amb tots els detalls. Pel que sembla tot ha anat molt b\u00e9, ho heu gaudit i heu apr\u00e8s molt en tots els sentits. Aix\u00f2 \u00e9s el que desitj\u00e0vem tots plegats.<\/p>\n<p>Benvinguts de nou!<\/p>\n<p><img loading=\"lazy\" decoding=\"async\" class=\"aligncenter size-full wp-image-4857\" src=\"https:\/\/agora.xtec.cat\/instarragona\/wp-content\/uploads\/usu484\/2023\/12\/Captura-11.png\" alt=\"\" width=\"436\" height=\"335\" srcset=\"https:\/\/agora.xtec.cat\/instarragona\/wp-content\/uploads\/usu484\/2023\/12\/Captura-11.png 436w, https:\/\/agora.xtec.cat\/instarragona\/wp-content\/uploads\/usu484\/2023\/12\/Captura-11-300x231.png 300w\" sizes=\"auto, (max-width: 436px) 100vw, 436px\" \/><\/p>\n<p>&nbsp;<\/p>\n<p><img loading=\"lazy\" decoding=\"async\" class=\"aligncenter size-full wp-image-3391\" src=\"https:\/\/agora.xtec.cat\/instarragona\/wp-content\/uploads\/usu484\/2022\/06\/baixa.png\" alt=\"\" width=\"481\" height=\"105\" srcset=\"https:\/\/agora.xtec.cat\/instarragona\/wp-content\/uploads\/usu484\/2022\/06\/baixa.png 481w, https:\/\/agora.xtec.cat\/instarragona\/wp-content\/uploads\/usu484\/2022\/06\/baixa-300x65.png 300w\" sizes=\"auto, (max-width: 481px) 100vw, 481px\" \/><\/p>\n","protected":false},"excerpt":{"rendered":"<p>Laia, Joan, l&#8217;experi\u00e8ncia b\u00e9? Ja torneu a ser aqu\u00ed.\u00a0Heu passat un mes a Alem\u00e0nia, tota una experi\u00e8ncia Erasmus+. Ja ens ho explicareu amb tots els detalls. Pel que sembla tot ha anat molt b\u00e9, ho heu gaudit i heu apr\u00e8s molt en tots els sentits.&hellip;  <a href=\"https:\/\/agora.xtec.cat\/instarragona\/batxillerat\/erasmus-de-llarga-durada-2023\/\" title=\"Read Erasmus+ de llarga durada 2023\">Llegeix m\u00e9s\u00bb<\/a><\/p>\n","protected":false},"author":1,"featured_media":4857,"comment_status":"open","ping_status":"closed","sticky":false,"template":"","format":"standard","meta":{"_bbp_topic_count":0,"_bbp_reply_count":0,"_bbp_total_topic_count":0,"_bbp_total_reply_count":0,"_bbp_voice_count":0,"_bbp_anonymous_reply_count":0,"_bbp_topic_count_hidden":0,"_bbp_reply_count_hidden":0,"_bbp_forum_subforum_count":0,"footnotes":""},"categories":[8,29],"tags":[145,147,101],"class_list":["post-4856","post","type-post","status-publish","format-standard","has-post-thumbnail","hentry","category-batxillerat","category-portada","tag-erasmus-acretitation","tag-erasmus-llarga-durada","tag-erasmus"],"post_mailing_queue_ids":[],"_links":{"self":[{"href":"https:\/\/agora.xtec.cat\/instarragona\/wp-json\/wp\/v2\/posts\/4856","targetHints":{"allow":["GET"]}}],"collection":[{"href":"https:\/\/agora.xtec.cat\/instarragona\/wp-json\/wp\/v2\/posts"}],"about":[{"href":"https:\/\/agora.xtec.cat\/instarragona\/wp-json\/wp\/v2\/types\/post"}],"author":[{"embeddable":true,"href":"https:\/\/agora.xtec.cat\/instarragona\/wp-json\/wp\/v2\/users\/1"}],"replies":[{"embeddable":true,"href":"https:\/\/agora.xtec.cat\/instarragona\/wp-json\/wp\/v2\/comments?post=4856"}],"version-history":[{"count":1,"href":"https:\/\/agora.xtec.cat\/instarragona\/wp-json\/wp\/v2\/posts\/4856\/revisions"}],"predecessor-version":[{"id":4858,"href":"https:\/\/agora.xtec.cat\/instarragona\/wp-json\/wp\/v2\/posts\/4856\/revisions\/4858"}],"wp:featuredmedia":[{"embeddable":true,"href":"https:\/\/agora.xtec.cat\/instarragona\/wp-json\/wp\/v2\/media\/4857"}],"wp:attachment":[{"href":"https:\/\/agora.xtec.cat\/instarragona\/wp-json\/wp\/v2\/media?parent=4856"}],"wp:term":[{"taxonomy":"category","embeddable":true,"href":"https:\/\/agora.xtec.cat\/instarragona\/wp-json\/wp\/v2\/categories?post=4856"},{"taxonomy":"post_tag","embeddable":true,"href":"https:\/\/agora.xtec.cat\/instarragona\/wp-json\/wp\/v2\/tags?post=4856"}],"curies":[{"name":"wp","href":"https:\/\/api.w.org\/{rel}","templated":true}]}}