{"id":4838,"date":"2023-12-18T09:05:00","date_gmt":"2023-12-18T08:05:00","guid":{"rendered":"https:\/\/agora.xtec.cat\/instarragona\/?p=4838"},"modified":"2023-12-18T09:06:04","modified_gmt":"2023-12-18T08:06:04","slug":"fake-news-que-no-ens-les-collin","status":"publish","type":"post","link":"https:\/\/agora.xtec.cat\/instarragona\/general\/fake-news-que-no-ens-les-collin\/","title":{"rendered":"Fake news, que no ens les &#8220;col\u00b7lin&#8221;!"},"content":{"rendered":"<p>Hem anat al CaixaF\u00f2rum a fer un <a href=\"https:\/\/educaixa.org\/ca\/-\/fake-news-com-es-combat-una-plaga-de-mentides\" target=\"_blank\" rel=\"noopener\"><strong>taller<\/strong> <\/a>amb els alumnes de batxillerat i un grupet d&#8217;alumnes de 3r d&#8217;ESO. Com es combat una plaga de mentides?<\/p>\n<p>Mitjan\u00e7ant un videojoc vam descobrir perqu\u00e8 les fake news ens enganxen tant. Vam entendre els conceptes de viralitat, plausibilitat i comunitat i com, si es cumpleixen aquests 3 requisits en una mentida, aquells que s&#8217;hi dediquen juguen amb nosaltres per dirigir-nos cap all\u00f2 que interessa.<\/p>\n<p>Tenir criteri i saber diferenciar-les \u00e9s possible. Que no ens les &#8220;col\u00b7lin&#8221;!!<\/p>\n<p><img loading=\"lazy\" decoding=\"async\" class=\"aligncenter size-full wp-image-4841\" src=\"https:\/\/agora.xtec.cat\/instarragona\/wp-content\/uploads\/usu484\/2023\/12\/Captura-2.png\" alt=\"\" width=\"676\" height=\"488\" srcset=\"https:\/\/agora.xtec.cat\/instarragona\/wp-content\/uploads\/usu484\/2023\/12\/Captura-2.png 676w, https:\/\/agora.xtec.cat\/instarragona\/wp-content\/uploads\/usu484\/2023\/12\/Captura-2-300x217.png 300w\" sizes=\"auto, (max-width: 676px) 100vw, 676px\" \/><\/p>\n<p>M\u00e9s <a href=\"https:\/\/drive.google.com\/drive\/folders\/1SKklB8p7FF4oxc37hwuy9WF21MMH3bu5?usp=sharing\" target=\"_blank\" rel=\"noopener\"><strong>imatges<\/strong><\/a> del taller.<\/p>\n<p>Vam aprofitar el dia per visitar l&#8217;exposici\u00f3 d&#8217;Impressi\u00f3 3D. Molt interessant per comentar amb els nostres alumnes del Batxillerat T\u00e8cnic. Ens va agradar molt\u00edssim!<\/p>\n<p><img loading=\"lazy\" decoding=\"async\" class=\"aligncenter size-full wp-image-4842\" src=\"https:\/\/agora.xtec.cat\/instarragona\/wp-content\/uploads\/usu484\/2023\/12\/Captura-3.png\" alt=\"\" width=\"693\" height=\"421\" srcset=\"https:\/\/agora.xtec.cat\/instarragona\/wp-content\/uploads\/usu484\/2023\/12\/Captura-3.png 693w, https:\/\/agora.xtec.cat\/instarragona\/wp-content\/uploads\/usu484\/2023\/12\/Captura-3-300x182.png 300w\" sizes=\"auto, (max-width: 693px) 100vw, 693px\" \/><\/p>\n<p>&nbsp;<\/p>\n<p><img loading=\"lazy\" decoding=\"async\" class=\"aligncenter size-full wp-image-4843\" src=\"https:\/\/agora.xtec.cat\/instarragona\/wp-content\/uploads\/usu484\/2023\/12\/Captura2.png\" alt=\"\" width=\"693\" height=\"409\" srcset=\"https:\/\/agora.xtec.cat\/instarragona\/wp-content\/uploads\/usu484\/2023\/12\/Captura2.png 693w, https:\/\/agora.xtec.cat\/instarragona\/wp-content\/uploads\/usu484\/2023\/12\/Captura2-300x177.png 300w\" sizes=\"auto, (max-width: 693px) 100vw, 693px\" \/><\/p>\n<p>&nbsp;<\/p>\n","protected":false},"excerpt":{"rendered":"<p>Hem anat al CaixaF\u00f2rum a fer un <a href=\"https:\/\/educaixa.org\/ca\/-\/fake-news-com-es-combat-una-plaga-de-mentides\" target=\"_blank\" rel=\"noopener\">taller <\/a>amb els alumnes de batxillerat i un grupet d&#8217;alumnes de 3r d&#8217;ESO. Com es combat una plaga de mentides?<br \/>\nMitjan\u00e7ant un videojoc vam descobrir perqu\u00e8 les fake news ens enganxen tant. Vam entendre els conceptes&hellip;  <a href=\"https:\/\/agora.xtec.cat\/instarragona\/general\/fake-news-que-no-ens-les-collin\/\" title=\"Read Fake news, que no ens les &#8220;col\u00b7lin&#8221;!\">Llegeix m\u00e9s\u00bb<\/a><\/p>\n","protected":false},"author":1,"featured_media":4840,"comment_status":"open","ping_status":"closed","sticky":false,"template":"","format":"standard","meta":{"_bbp_topic_count":0,"_bbp_reply_count":0,"_bbp_total_topic_count":0,"_bbp_total_reply_count":0,"_bbp_voice_count":0,"_bbp_anonymous_reply_count":0,"_bbp_topic_count_hidden":0,"_bbp_reply_count_hidden":0,"_bbp_forum_subforum_count":0,"footnotes":""},"categories":[8,6,1,29],"tags":[58,110],"class_list":["post-4838","post","type-post","status-publish","format-standard","has-post-thumbnail","hentry","category-batxillerat","category-eso-3","category-general","category-portada","tag-tallers","tag-tecnologia"],"post_mailing_queue_ids":[],"_links":{"self":[{"href":"https:\/\/agora.xtec.cat\/instarragona\/wp-json\/wp\/v2\/posts\/4838","targetHints":{"allow":["GET"]}}],"collection":[{"href":"https:\/\/agora.xtec.cat\/instarragona\/wp-json\/wp\/v2\/posts"}],"about":[{"href":"https:\/\/agora.xtec.cat\/instarragona\/wp-json\/wp\/v2\/types\/post"}],"author":[{"embeddable":true,"href":"https:\/\/agora.xtec.cat\/instarragona\/wp-json\/wp\/v2\/users\/1"}],"replies":[{"embeddable":true,"href":"https:\/\/agora.xtec.cat\/instarragona\/wp-json\/wp\/v2\/comments?post=4838"}],"version-history":[{"count":3,"href":"https:\/\/agora.xtec.cat\/instarragona\/wp-json\/wp\/v2\/posts\/4838\/revisions"}],"predecessor-version":[{"id":4845,"href":"https:\/\/agora.xtec.cat\/instarragona\/wp-json\/wp\/v2\/posts\/4838\/revisions\/4845"}],"wp:featuredmedia":[{"embeddable":true,"href":"https:\/\/agora.xtec.cat\/instarragona\/wp-json\/wp\/v2\/media\/4840"}],"wp:attachment":[{"href":"https:\/\/agora.xtec.cat\/instarragona\/wp-json\/wp\/v2\/media?parent=4838"}],"wp:term":[{"taxonomy":"category","embeddable":true,"href":"https:\/\/agora.xtec.cat\/instarragona\/wp-json\/wp\/v2\/categories?post=4838"},{"taxonomy":"post_tag","embeddable":true,"href":"https:\/\/agora.xtec.cat\/instarragona\/wp-json\/wp\/v2\/tags?post=4838"}],"curies":[{"name":"wp","href":"https:\/\/api.w.org\/{rel}","templated":true}]}}