{"id":4795,"date":"2023-11-28T11:58:40","date_gmt":"2023-11-28T10:58:40","guid":{"rendered":"https:\/\/agora.xtec.cat\/instarragona\/?p=4795"},"modified":"2023-11-28T11:59:11","modified_gmt":"2023-11-28T10:59:11","slug":"les-matematiques-sumen-pel-banc-daliments","status":"publish","type":"post","link":"https:\/\/agora.xtec.cat\/instarragona\/general\/les-matematiques-sumen-pel-banc-daliments\/","title":{"rendered":"Les matem\u00e0tiques sumen pel Banc d&#8217;aliments"},"content":{"rendered":"<p>Des del departament de matem\u00e0tiques organitzem a 2n d&#8217;ESO l&#8217;activitat de les cistelles solid\u00e0ries coincidint amb les dates del Gran Recapte d&#8217;aliments.<\/p>\n<p dir=\"auto\">Amb les aportacions econ\u00f2miques volunt\u00e0ries dels alumnes organitzem una sortida a un supermercat de la zona per fer la compra\u00a0<img decoding=\"async\" src=\"https:\/\/fonts.gstatic.com\/s\/e\/notoemoji\/15.0\/1f6d2\/32.png\" alt=\"\ud83d\uded2\" data-emoji=\"\ud83d\uded2\" aria-label=\"\ud83d\uded2\" \/> dels aliments segons la tem\u00e0tica triada per cada grup. Aprofitem <strong><a href=\"https:\/\/drive.google.com\/drive\/folders\/1iNg2Y_ANsA4l9S1OEBUpVps282-efXJV?usp=sharing\" target=\"_blank\" rel=\"noopener\">l&#8217;activitat<\/a><\/strong> per treballar aspectes matem\u00e0tics com: preu-quilo, pressupost, descomptes&#8230;<\/p>\n<p dir=\"auto\">Aquests productes s\u00f3n recollits pel <a href=\"https:\/\/www.bancdelsaliments.org\/ca\/home\/\" target=\"_blank\" rel=\"noopener\"><strong>Banc dels aliments<\/strong><\/a> juntament amb la resta d&#8217;aportacions de les fam\u00edlies i professorat del centre.\u00a0Us volem agrair la vostra participaci\u00f3.<\/p>\n<p dir=\"auto\"><img loading=\"lazy\" decoding=\"async\" class=\"aligncenter size-full wp-image-4799\" src=\"https:\/\/agora.xtec.cat\/instarragona\/wp-content\/uploads\/usu484\/2023\/11\/1701165325301.jpg\" alt=\"\" width=\"1600\" height=\"1201\" srcset=\"https:\/\/agora.xtec.cat\/instarragona\/wp-content\/uploads\/usu484\/2023\/11\/1701165325301.jpg 1600w, https:\/\/agora.xtec.cat\/instarragona\/wp-content\/uploads\/usu484\/2023\/11\/1701165325301-300x225.jpg 300w, https:\/\/agora.xtec.cat\/instarragona\/wp-content\/uploads\/usu484\/2023\/11\/1701165325301-1024x769.jpg 1024w, https:\/\/agora.xtec.cat\/instarragona\/wp-content\/uploads\/usu484\/2023\/11\/1701165325301-768x576.jpg 768w, https:\/\/agora.xtec.cat\/instarragona\/wp-content\/uploads\/usu484\/2023\/11\/1701165325301-1536x1153.jpg 1536w, https:\/\/agora.xtec.cat\/instarragona\/wp-content\/uploads\/usu484\/2023\/11\/1701165325301-200x150.jpg 200w\" sizes=\"auto, (max-width: 1600px) 100vw, 1600px\" \/><\/p>\n<p dir=\"auto\"><img loading=\"lazy\" decoding=\"async\" class=\"aligncenter size-full wp-image-4800\" src=\"https:\/\/agora.xtec.cat\/instarragona\/wp-content\/uploads\/usu484\/2023\/11\/1701165325293.jpg\" alt=\"\" width=\"1600\" height=\"1201\" srcset=\"https:\/\/agora.xtec.cat\/instarragona\/wp-content\/uploads\/usu484\/2023\/11\/1701165325293.jpg 1600w, https:\/\/agora.xtec.cat\/instarragona\/wp-content\/uploads\/usu484\/2023\/11\/1701165325293-300x225.jpg 300w, https:\/\/agora.xtec.cat\/instarragona\/wp-content\/uploads\/usu484\/2023\/11\/1701165325293-1024x769.jpg 1024w, https:\/\/agora.xtec.cat\/instarragona\/wp-content\/uploads\/usu484\/2023\/11\/1701165325293-768x576.jpg 768w, https:\/\/agora.xtec.cat\/instarragona\/wp-content\/uploads\/usu484\/2023\/11\/1701165325293-1536x1153.jpg 1536w, https:\/\/agora.xtec.cat\/instarragona\/wp-content\/uploads\/usu484\/2023\/11\/1701165325293-200x150.jpg 200w\" sizes=\"auto, (max-width: 1600px) 100vw, 1600px\" \/><\/p>\n<p dir=\"auto\"><img loading=\"lazy\" decoding=\"async\" class=\"aligncenter size-full wp-image-4801\" src=\"https:\/\/agora.xtec.cat\/instarragona\/wp-content\/uploads\/usu484\/2023\/11\/1701165325286.jpg\" alt=\"\" width=\"1600\" height=\"1201\" srcset=\"https:\/\/agora.xtec.cat\/instarragona\/wp-content\/uploads\/usu484\/2023\/11\/1701165325286.jpg 1600w, https:\/\/agora.xtec.cat\/instarragona\/wp-content\/uploads\/usu484\/2023\/11\/1701165325286-300x225.jpg 300w, https:\/\/agora.xtec.cat\/instarragona\/wp-content\/uploads\/usu484\/2023\/11\/1701165325286-1024x769.jpg 1024w, https:\/\/agora.xtec.cat\/instarragona\/wp-content\/uploads\/usu484\/2023\/11\/1701165325286-768x576.jpg 768w, https:\/\/agora.xtec.cat\/instarragona\/wp-content\/uploads\/usu484\/2023\/11\/1701165325286-1536x1153.jpg 1536w, https:\/\/agora.xtec.cat\/instarragona\/wp-content\/uploads\/usu484\/2023\/11\/1701165325286-200x150.jpg 200w\" sizes=\"auto, (max-width: 1600px) 100vw, 1600px\" \/><\/p>\n<p dir=\"auto\">\n","protected":false},"excerpt":{"rendered":"<p>Des del departament de matem\u00e0tiques organitzem a 2n d&#8217;ESO l&#8217;activitat de les cistelles solid\u00e0ries coincidint amb les dates del Gran Recapte d&#8217;aliments.<br \/>\nAmb les aportacions econ\u00f2miques volunt\u00e0ries dels alumnes organitzem una sortida a un supermercat de la zona per fer la compra\u00a0 dels aliments segons la&hellip;  <a href=\"https:\/\/agora.xtec.cat\/instarragona\/general\/les-matematiques-sumen-pel-banc-daliments\/\" title=\"Read Les matem\u00e0tiques sumen pel Banc d&#8217;aliments\">Llegeix m\u00e9s\u00bb<\/a><\/p>\n","protected":false},"author":1,"featured_media":4802,"comment_status":"open","ping_status":"closed","sticky":false,"template":"","format":"standard","meta":{"_bbp_topic_count":0,"_bbp_reply_count":0,"_bbp_total_topic_count":0,"_bbp_total_reply_count":0,"_bbp_voice_count":0,"_bbp_anonymous_reply_count":0,"_bbp_topic_count_hidden":0,"_bbp_reply_count_hidden":0,"_bbp_forum_subforum_count":0,"footnotes":""},"categories":[5,1,29],"tags":[],"class_list":["post-4795","post","type-post","status-publish","format-standard","has-post-thumbnail","hentry","category-eso-2","category-general","category-portada"],"post_mailing_queue_ids":[],"_links":{"self":[{"href":"https:\/\/agora.xtec.cat\/instarragona\/wp-json\/wp\/v2\/posts\/4795","targetHints":{"allow":["GET"]}}],"collection":[{"href":"https:\/\/agora.xtec.cat\/instarragona\/wp-json\/wp\/v2\/posts"}],"about":[{"href":"https:\/\/agora.xtec.cat\/instarragona\/wp-json\/wp\/v2\/types\/post"}],"author":[{"embeddable":true,"href":"https:\/\/agora.xtec.cat\/instarragona\/wp-json\/wp\/v2\/users\/1"}],"replies":[{"embeddable":true,"href":"https:\/\/agora.xtec.cat\/instarragona\/wp-json\/wp\/v2\/comments?post=4795"}],"version-history":[{"count":4,"href":"https:\/\/agora.xtec.cat\/instarragona\/wp-json\/wp\/v2\/posts\/4795\/revisions"}],"predecessor-version":[{"id":4804,"href":"https:\/\/agora.xtec.cat\/instarragona\/wp-json\/wp\/v2\/posts\/4795\/revisions\/4804"}],"wp:featuredmedia":[{"embeddable":true,"href":"https:\/\/agora.xtec.cat\/instarragona\/wp-json\/wp\/v2\/media\/4802"}],"wp:attachment":[{"href":"https:\/\/agora.xtec.cat\/instarragona\/wp-json\/wp\/v2\/media?parent=4795"}],"wp:term":[{"taxonomy":"category","embeddable":true,"href":"https:\/\/agora.xtec.cat\/instarragona\/wp-json\/wp\/v2\/categories?post=4795"},{"taxonomy":"post_tag","embeddable":true,"href":"https:\/\/agora.xtec.cat\/instarragona\/wp-json\/wp\/v2\/tags?post=4795"}],"curies":[{"name":"wp","href":"https:\/\/api.w.org\/{rel}","templated":true}]}}