{"id":4766,"date":"2023-11-24T10:09:24","date_gmt":"2023-11-24T09:09:24","guid":{"rendered":"https:\/\/agora.xtec.cat\/instarragona\/?p=4766"},"modified":"2023-11-24T10:14:22","modified_gmt":"2023-11-24T09:14:22","slug":"santa-cecilia-patrona-dels-musics","status":"publish","type":"post","link":"https:\/\/agora.xtec.cat\/instarragona\/general\/santa-cecilia-patrona-dels-musics\/","title":{"rendered":"Santa Cec\u00edlia, patrona dels m\u00fasics"},"content":{"rendered":"<p>Amb motiu de Santa Cec\u00edlia hem celebrat la interpretaci\u00f3 de la can\u00e7\u00f3 <span style=\"color: #008000;\"><strong>&#8220;Mirall de Pau&#8221;<\/strong><\/span>.\u00a0 Enhorabona als 120 cantaires, als 20 m\u00fasics, a les 4 ballarines i a les dues directores!<\/p>\n<p>Aqu\u00ed teniu una petita part del <a href=\"https:\/\/drive.google.com\/file\/d\/1VsSHOEEGU2yV6nWy-eSMac2m-HYnHNvb\/view?usp=sharing\" target=\"_blank\" rel=\"noopener\"><strong>manifest<\/strong> <\/a>que s&#8217;ha llegit:<\/p>\n<div><span style=\"color: #008000;\"><em>&#8220;Dona la Nota amb Mirall de Pau fa refer\u00e8ncia al ODS n\u00famero 4: Educaci\u00f3 de Qualitat. Per mig de la m\u00fasica i en concret de la can\u00e7\u00f3 Mirall de Pau es vol explicar al m\u00f3n, que estimem la m\u00fasica, que ens acompanya en molts moments importants de la vida, volem que continu\u00ef sent indispensable en l\u2019educaci\u00f3 dels nostres infants i els enriqueixi. Proporcionant una forma d\u2019expressi\u00f3 personal i emocional, fomentat la creativitat i la disciplina, i millora les habilitats matem\u00e0tiques i ling\u00fc\u00edstiques. Tamb\u00e9 promou la diversitat cultural, ajuda a construir la confian\u00e7a i promou la col.laboraci\u00f3 i el treball en equip.&#8221;<\/em><\/span><\/div>\n<div><\/div>\n<div><span style=\"color: #ffffff;\">I&#8230;.<\/span><\/div>\n<div>Aqu\u00ed teniu el v\u00eddeo de la jornada:<\/div>\n<div><span style=\"color: #ffffff;\">\u00a0<\/span><\/div>\n<div><\/div>\n<div><iframe loading=\"lazy\" title=\"YouTube video player\" src=\"https:\/\/www.youtube.com\/embed\/ze8LMwlBVfI?si=REIBWeuLL_B0go-k\" width=\"560\" height=\"315\" frameborder=\"0\" allowfullscreen=\"allowfullscreen\"><\/iframe><\/div>\n<div><\/div>\n<p>Han fet una gran interpretaci\u00f3, que ben segur no ser\u00e0 l&#8217;\u00faltima!<\/p>\n<p>&nbsp;<\/p>\n","protected":false},"excerpt":{"rendered":"<p>Amb motiu de Santa Cec\u00edlia hem celebrat la interpretaci\u00f3 de la can\u00e7\u00f3 &#8220;Mirall de Pau&#8221;.\u00a0 Enhorabona als 120 cantaires, als 20 m\u00fasics, a les 4 ballarines i a les dues directores!<br \/>\nAqu\u00ed teniu una petita part del <a href=\"https:\/\/drive.google.com\/file\/d\/1VsSHOEEGU2yV6nWy-eSMac2m-HYnHNvb\/view?usp=sharing\" target=\"_blank\" rel=\"noopener\">manifest <\/a>que s&#8217;ha llegit:<br \/>\n&#8220;Dona la Nota&hellip;  <a href=\"https:\/\/agora.xtec.cat\/instarragona\/general\/santa-cecilia-patrona-dels-musics\/\" title=\"Read Santa Cec\u00edlia, patrona dels m\u00fasics\">Llegeix m\u00e9s\u00bb<\/a><\/p>\n","protected":false},"author":1,"featured_media":4768,"comment_status":"open","ping_status":"closed","sticky":false,"template":"","format":"standard","meta":{"_bbp_topic_count":0,"_bbp_reply_count":0,"_bbp_total_topic_count":0,"_bbp_total_reply_count":0,"_bbp_voice_count":0,"_bbp_anonymous_reply_count":0,"_bbp_topic_count_hidden":0,"_bbp_reply_count_hidden":0,"_bbp_forum_subforum_count":0,"footnotes":""},"categories":[1,29],"tags":[108,111],"class_list":["post-4766","post","type-post","status-publish","format-standard","has-post-thumbnail","hentry","category-general","category-portada","tag-activitats","tag-musica"],"post_mailing_queue_ids":[],"_links":{"self":[{"href":"https:\/\/agora.xtec.cat\/instarragona\/wp-json\/wp\/v2\/posts\/4766","targetHints":{"allow":["GET"]}}],"collection":[{"href":"https:\/\/agora.xtec.cat\/instarragona\/wp-json\/wp\/v2\/posts"}],"about":[{"href":"https:\/\/agora.xtec.cat\/instarragona\/wp-json\/wp\/v2\/types\/post"}],"author":[{"embeddable":true,"href":"https:\/\/agora.xtec.cat\/instarragona\/wp-json\/wp\/v2\/users\/1"}],"replies":[{"embeddable":true,"href":"https:\/\/agora.xtec.cat\/instarragona\/wp-json\/wp\/v2\/comments?post=4766"}],"version-history":[{"count":6,"href":"https:\/\/agora.xtec.cat\/instarragona\/wp-json\/wp\/v2\/posts\/4766\/revisions"}],"predecessor-version":[{"id":4775,"href":"https:\/\/agora.xtec.cat\/instarragona\/wp-json\/wp\/v2\/posts\/4766\/revisions\/4775"}],"wp:featuredmedia":[{"embeddable":true,"href":"https:\/\/agora.xtec.cat\/instarragona\/wp-json\/wp\/v2\/media\/4768"}],"wp:attachment":[{"href":"https:\/\/agora.xtec.cat\/instarragona\/wp-json\/wp\/v2\/media?parent=4766"}],"wp:term":[{"taxonomy":"category","embeddable":true,"href":"https:\/\/agora.xtec.cat\/instarragona\/wp-json\/wp\/v2\/categories?post=4766"},{"taxonomy":"post_tag","embeddable":true,"href":"https:\/\/agora.xtec.cat\/instarragona\/wp-json\/wp\/v2\/tags?post=4766"}],"curies":[{"name":"wp","href":"https:\/\/api.w.org\/{rel}","templated":true}]}}