{"id":4743,"date":"2023-11-20T09:29:07","date_gmt":"2023-11-20T08:29:07","guid":{"rendered":"https:\/\/agora.xtec.cat\/instarragona\/?p=4743"},"modified":"2023-11-20T09:35:58","modified_gmt":"2023-11-20T08:35:58","slug":"aerodrom-de-sabadell","status":"publish","type":"post","link":"https:\/\/agora.xtec.cat\/instarragona\/batxillerat\/aerodrom-de-sabadell\/","title":{"rendered":"Aer\u00f2drom de Sabadell"},"content":{"rendered":"<p>\u00daltim dia al Sincrotr\u00f3 Alba amb l&#8217;alumnat de Batxillerat t\u00e8cnic i, com ja us hem anat explicant, aquestes visites s&#8217;han complementant amb altres propostes. Aquest cop ha tocat l&#8217;aer\u00f2drom de Sabadell.<\/p>\n<p>El m\u00f3n de l&#8217;aviaci\u00f3 no deix de ser for\u00e7a desconegut per tots plegats i la veritat \u00e9s que hem descobert moltes coses. Ara sabem que l&#8217;aeroport de Sabadell \u00e9s un dels punts m\u00e9s importants de formaci\u00f3 de pilots d&#8217;avi\u00f3 i d&#8217;helic\u00f2pter del sud d&#8217;Europa. La seva fant\u00e0stica climatologia i hores de llum el fa ideal. Hem vist un simulador del Boeing 737-800 i els tallers de manteniment, com s&#8217;hi treballa i quines son les tasques que garanteixen la seguretat d&#8217;un vol. A m\u00e9s a m\u00e9s hem vist les aus rapinyaires que cada mat\u00ed allunyen altres ocells o els animals que poden estar a la pista d&#8217;enlairament, per evitar al m\u00e0xim els accidents.<\/p>\n<p><img loading=\"lazy\" decoding=\"async\" class=\"aligncenter size-full wp-image-4744\" src=\"https:\/\/agora.xtec.cat\/instarragona\/wp-content\/uploads\/usu484\/2023\/11\/1.png\" alt=\"\" width=\"681\" height=\"452\" srcset=\"https:\/\/agora.xtec.cat\/instarragona\/wp-content\/uploads\/usu484\/2023\/11\/1.png 681w, https:\/\/agora.xtec.cat\/instarragona\/wp-content\/uploads\/usu484\/2023\/11\/1-300x199.png 300w\" sizes=\"auto, (max-width: 681px) 100vw, 681px\" \/><\/p>\n<p>&nbsp;<\/p>\n<p><img loading=\"lazy\" decoding=\"async\" class=\"aligncenter size-full wp-image-4745\" src=\"https:\/\/agora.xtec.cat\/instarragona\/wp-content\/uploads\/usu484\/2023\/11\/2.png\" alt=\"\" width=\"507\" height=\"379\" srcset=\"https:\/\/agora.xtec.cat\/instarragona\/wp-content\/uploads\/usu484\/2023\/11\/2.png 507w, https:\/\/agora.xtec.cat\/instarragona\/wp-content\/uploads\/usu484\/2023\/11\/2-300x224.png 300w, https:\/\/agora.xtec.cat\/instarragona\/wp-content\/uploads\/usu484\/2023\/11\/2-200x150.png 200w\" sizes=\"auto, (max-width: 507px) 100vw, 507px\" \/><\/p>\n<p>&nbsp;<\/p>\n<p><img loading=\"lazy\" decoding=\"async\" class=\"aligncenter size-full wp-image-4746\" src=\"https:\/\/agora.xtec.cat\/instarragona\/wp-content\/uploads\/usu484\/2023\/11\/3.png\" alt=\"\" width=\"382\" height=\"495\" srcset=\"https:\/\/agora.xtec.cat\/instarragona\/wp-content\/uploads\/usu484\/2023\/11\/3.png 382w, https:\/\/agora.xtec.cat\/instarragona\/wp-content\/uploads\/usu484\/2023\/11\/3-232x300.png 232w\" sizes=\"auto, (max-width: 382px) 100vw, 382px\" \/><\/p>\n<p><img loading=\"lazy\" decoding=\"async\" class=\"aligncenter size-full wp-image-4747\" src=\"https:\/\/agora.xtec.cat\/instarragona\/wp-content\/uploads\/usu484\/2023\/11\/Captura-10.png\" alt=\"\" width=\"614\" height=\"430\" srcset=\"https:\/\/agora.xtec.cat\/instarragona\/wp-content\/uploads\/usu484\/2023\/11\/Captura-10.png 614w, https:\/\/agora.xtec.cat\/instarragona\/wp-content\/uploads\/usu484\/2023\/11\/Captura-10-300x210.png 300w\" sizes=\"auto, (max-width: 614px) 100vw, 614px\" \/><\/p>\n<p><a href=\"https:\/\/drive.google.com\/drive\/folders\/1TDPHzdLceh3SQIPTlRlnBP4lA_A7ld6n?usp=sharing\" target=\"_blank\" rel=\"noopener\"><strong>M\u00e9s fotos<\/strong><\/a>.<\/p>\n<p>&nbsp;<\/p>\n<p>&nbsp;<\/p>\n<p>&nbsp;<\/p>\n<p>&nbsp;<\/p>\n","protected":false},"excerpt":{"rendered":"<p>\u00daltim dia al Sincrotr\u00f3 Alba amb l&#8217;alumnat de Batxillerat t\u00e8cnic i, com ja us hem anat explicant, aquestes visites s&#8217;han complementant amb altres propostes. Aquest cop ha tocat l&#8217;aer\u00f2drom de Sabadell.<br \/>\nEl m\u00f3n de l&#8217;aviaci\u00f3 no deix de ser for\u00e7a desconegut per tots plegats i la&hellip;  <a href=\"https:\/\/agora.xtec.cat\/instarragona\/batxillerat\/aerodrom-de-sabadell\/\" title=\"Read Aer\u00f2drom de Sabadell\">Llegeix m\u00e9s\u00bb<\/a><\/p>\n","protected":false},"author":1,"featured_media":4747,"comment_status":"open","ping_status":"closed","sticky":false,"template":"","format":"standard","meta":{"_bbp_topic_count":0,"_bbp_reply_count":0,"_bbp_total_topic_count":0,"_bbp_total_reply_count":0,"_bbp_voice_count":0,"_bbp_anonymous_reply_count":0,"_bbp_topic_count_hidden":0,"_bbp_reply_count_hidden":0,"_bbp_forum_subforum_count":0,"footnotes":""},"categories":[8,29],"tags":[116,39,110],"class_list":["post-4743","post","type-post","status-publish","format-standard","has-post-thumbnail","hentry","category-batxillerat","category-portada","tag-ciencies","tag-sortides","tag-tecnologia"],"post_mailing_queue_ids":[],"_links":{"self":[{"href":"https:\/\/agora.xtec.cat\/instarragona\/wp-json\/wp\/v2\/posts\/4743","targetHints":{"allow":["GET"]}}],"collection":[{"href":"https:\/\/agora.xtec.cat\/instarragona\/wp-json\/wp\/v2\/posts"}],"about":[{"href":"https:\/\/agora.xtec.cat\/instarragona\/wp-json\/wp\/v2\/types\/post"}],"author":[{"embeddable":true,"href":"https:\/\/agora.xtec.cat\/instarragona\/wp-json\/wp\/v2\/users\/1"}],"replies":[{"embeddable":true,"href":"https:\/\/agora.xtec.cat\/instarragona\/wp-json\/wp\/v2\/comments?post=4743"}],"version-history":[{"count":6,"href":"https:\/\/agora.xtec.cat\/instarragona\/wp-json\/wp\/v2\/posts\/4743\/revisions"}],"predecessor-version":[{"id":4755,"href":"https:\/\/agora.xtec.cat\/instarragona\/wp-json\/wp\/v2\/posts\/4743\/revisions\/4755"}],"wp:featuredmedia":[{"embeddable":true,"href":"https:\/\/agora.xtec.cat\/instarragona\/wp-json\/wp\/v2\/media\/4747"}],"wp:attachment":[{"href":"https:\/\/agora.xtec.cat\/instarragona\/wp-json\/wp\/v2\/media?parent=4743"}],"wp:term":[{"taxonomy":"category","embeddable":true,"href":"https:\/\/agora.xtec.cat\/instarragona\/wp-json\/wp\/v2\/categories?post=4743"},{"taxonomy":"post_tag","embeddable":true,"href":"https:\/\/agora.xtec.cat\/instarragona\/wp-json\/wp\/v2\/tags?post=4743"}],"curies":[{"name":"wp","href":"https:\/\/api.w.org\/{rel}","templated":true}]}}