{"id":4736,"date":"2023-11-20T09:03:41","date_gmt":"2023-11-20T08:03:41","guid":{"rendered":"https:\/\/agora.xtec.cat\/instarragona\/?p=4736"},"modified":"2023-11-20T09:04:02","modified_gmt":"2023-11-20T08:04:02","slug":"setmana-de-la-ciencia-a-la-urv","status":"publish","type":"post","link":"https:\/\/agora.xtec.cat\/instarragona\/eso\/eso-4\/setmana-de-la-ciencia-a-la-urv\/","title":{"rendered":"Setmana de la ci\u00e8ncia a la URV"},"content":{"rendered":"<p>L&#8217;<strong><a href=\"https:\/\/drive.google.com\/drive\/folders\/1-HGB4-su2HlTZ7j0frFDWhUTVAYvvtZM?usp=drive_link\" target=\"_blank\" rel=\"noopener\">experi\u00e8ncia amb la URV<\/a><\/strong> sempre ens resulta interessant. Aquest cop l&#8217;hem visitat de nou amb els estudiants de 4t d&#8217;ESO i hem gaudit de diferents activitats que us volem explicar: ens han fet un bon tomb pel campus Sescelades i una xerrada informativa sobre la universitat. Hem visitat alguna de les aules i tallers de l&#8217;ETSE i dins de la setmana de la ci\u00e8ncia hem experimentat amb la qu\u00edmica a la planta baixa del CRAI. Per \u00faltim, tamb\u00e9 hem visitat l&#8217;associaci\u00f3 URBots que es l&#8217;associaci\u00f3 dels estudiants de diferents graus de la URV que els agrada la rob\u00f2tica.<\/p>\n<p><img loading=\"lazy\" decoding=\"async\" class=\"aligncenter size-full wp-image-4738\" src=\"https:\/\/agora.xtec.cat\/instarragona\/wp-content\/uploads\/usu484\/2023\/11\/Captura-7.png\" alt=\"\" width=\"402\" height=\"449\" srcset=\"https:\/\/agora.xtec.cat\/instarragona\/wp-content\/uploads\/usu484\/2023\/11\/Captura-7.png 402w, https:\/\/agora.xtec.cat\/instarragona\/wp-content\/uploads\/usu484\/2023\/11\/Captura-7-269x300.png 269w\" sizes=\"auto, (max-width: 402px) 100vw, 402px\" \/><\/p>\n<p>&nbsp;<\/p>\n<p><img loading=\"lazy\" decoding=\"async\" class=\"aligncenter size-full wp-image-4740\" src=\"https:\/\/agora.xtec.cat\/instarragona\/wp-content\/uploads\/usu484\/2023\/11\/Captura-9.png\" alt=\"\" width=\"603\" height=\"437\" srcset=\"https:\/\/agora.xtec.cat\/instarragona\/wp-content\/uploads\/usu484\/2023\/11\/Captura-9.png 603w, https:\/\/agora.xtec.cat\/instarragona\/wp-content\/uploads\/usu484\/2023\/11\/Captura-9-300x217.png 300w\" sizes=\"auto, (max-width: 603px) 100vw, 603px\" \/><\/p>\n<p>&nbsp;<\/p>\n","protected":false},"excerpt":{"rendered":"<p>L&#8217;<a href=\"https:\/\/drive.google.com\/drive\/folders\/1-HGB4-su2HlTZ7j0frFDWhUTVAYvvtZM?usp=drive_link\" target=\"_blank\" rel=\"noopener\">experi\u00e8ncia amb la URV<\/a> sempre ens resulta interessant. Aquest cop l&#8217;hem visitat de nou amb els estudiants de 4t d&#8217;ESO i hem gaudit de diferents activitats que us volem explicar: ens han fet un bon tomb pel campus Sescelades i una xerrada&hellip;  <a href=\"https:\/\/agora.xtec.cat\/instarragona\/eso\/eso-4\/setmana-de-la-ciencia-a-la-urv\/\" title=\"Read Setmana de la ci\u00e8ncia a la URV\">Llegeix m\u00e9s\u00bb<\/a><\/p>\n","protected":false},"author":1,"featured_media":4739,"comment_status":"open","ping_status":"closed","sticky":false,"template":"","format":"standard","meta":{"_bbp_topic_count":0,"_bbp_reply_count":0,"_bbp_total_topic_count":0,"_bbp_total_reply_count":0,"_bbp_voice_count":0,"_bbp_anonymous_reply_count":0,"_bbp_topic_count_hidden":0,"_bbp_reply_count_hidden":0,"_bbp_forum_subforum_count":0,"footnotes":""},"categories":[7,29],"tags":[116,109,39],"class_list":["post-4736","post","type-post","status-publish","format-standard","has-post-thumbnail","hentry","category-eso-4","category-portada","tag-ciencies","tag-setmana-ciencia","tag-sortides"],"post_mailing_queue_ids":[],"_links":{"self":[{"href":"https:\/\/agora.xtec.cat\/instarragona\/wp-json\/wp\/v2\/posts\/4736","targetHints":{"allow":["GET"]}}],"collection":[{"href":"https:\/\/agora.xtec.cat\/instarragona\/wp-json\/wp\/v2\/posts"}],"about":[{"href":"https:\/\/agora.xtec.cat\/instarragona\/wp-json\/wp\/v2\/types\/post"}],"author":[{"embeddable":true,"href":"https:\/\/agora.xtec.cat\/instarragona\/wp-json\/wp\/v2\/users\/1"}],"replies":[{"embeddable":true,"href":"https:\/\/agora.xtec.cat\/instarragona\/wp-json\/wp\/v2\/comments?post=4736"}],"version-history":[{"count":2,"href":"https:\/\/agora.xtec.cat\/instarragona\/wp-json\/wp\/v2\/posts\/4736\/revisions"}],"predecessor-version":[{"id":4741,"href":"https:\/\/agora.xtec.cat\/instarragona\/wp-json\/wp\/v2\/posts\/4736\/revisions\/4741"}],"wp:featuredmedia":[{"embeddable":true,"href":"https:\/\/agora.xtec.cat\/instarragona\/wp-json\/wp\/v2\/media\/4739"}],"wp:attachment":[{"href":"https:\/\/agora.xtec.cat\/instarragona\/wp-json\/wp\/v2\/media?parent=4736"}],"wp:term":[{"taxonomy":"category","embeddable":true,"href":"https:\/\/agora.xtec.cat\/instarragona\/wp-json\/wp\/v2\/categories?post=4736"},{"taxonomy":"post_tag","embeddable":true,"href":"https:\/\/agora.xtec.cat\/instarragona\/wp-json\/wp\/v2\/tags?post=4736"}],"curies":[{"name":"wp","href":"https:\/\/api.w.org\/{rel}","templated":true}]}}