{"id":4730,"date":"2023-11-15T12:22:11","date_gmt":"2023-11-15T11:22:11","guid":{"rendered":"https:\/\/agora.xtec.cat\/instarragona\/?p=4730"},"modified":"2023-11-15T12:22:11","modified_gmt":"2023-11-15T11:22:11","slug":"cvc-i-sincrotro-alba","status":"publish","type":"post","link":"https:\/\/agora.xtec.cat\/instarragona\/batxillerat\/cvc-i-sincrotro-alba\/","title":{"rendered":"CVC i Sincrotr\u00f3 Alba"},"content":{"rendered":"<p>Sortida completa! Continuant les visites amb el batxillerat t\u00e8cnic, aquest cop hem intercalat la visita al Sincrotr\u00f3 Alba amb la del Centre de Visi\u00f3 de Computaci\u00f3.<\/p>\n<p>En aquest darrer, ens han explicat les principals aplicacions de la Intel\u00b7lig\u00e8ncia artificial. Tamb\u00e9 hem visitat l&#8217;Escola d&#8217;Enginyeria de la UAB on ens han ensenyat dos laboratoris d&#8217;Enginyeria Qu\u00edmica. All\u00e0 ens han explicat unes pr\u00e0ctiques sobre fluids, torres de refrigeraci\u00f3 i depuradora d&#8217;aig\u00fces. Per \u00faltim hem visitat un laboratori d&#8217;Enginyeria de Telecomunicacions on ens han mostrat unes pr\u00e0ctiques d&#8217;ones electromagn\u00e8tiques.<\/p>\n<p>La vsisita al sincrotr\u00f3 \u00e9s perfecte per entendre la f\u00edsica de 2n de batxillerat. Una visita molt i molt did\u00e0ctica que val la pena.<\/p>\n<p><img loading=\"lazy\" decoding=\"async\" class=\"aligncenter size-full wp-image-4731\" src=\"https:\/\/agora.xtec.cat\/instarragona\/wp-content\/uploads\/usu484\/2023\/11\/Captura-5.png\" alt=\"\" width=\"667\" height=\"472\" srcset=\"https:\/\/agora.xtec.cat\/instarragona\/wp-content\/uploads\/usu484\/2023\/11\/Captura-5.png 667w, https:\/\/agora.xtec.cat\/instarragona\/wp-content\/uploads\/usu484\/2023\/11\/Captura-5-300x212.png 300w\" sizes=\"auto, (max-width: 667px) 100vw, 667px\" \/><\/p>\n<p>&nbsp;<\/p>\n<p><img loading=\"lazy\" decoding=\"async\" class=\"aligncenter size-full wp-image-4732\" src=\"https:\/\/agora.xtec.cat\/instarragona\/wp-content\/uploads\/usu484\/2023\/11\/Captura2.png\" alt=\"\" width=\"678\" height=\"494\" srcset=\"https:\/\/agora.xtec.cat\/instarragona\/wp-content\/uploads\/usu484\/2023\/11\/Captura2.png 678w, https:\/\/agora.xtec.cat\/instarragona\/wp-content\/uploads\/usu484\/2023\/11\/Captura2-300x219.png 300w\" sizes=\"auto, (max-width: 678px) 100vw, 678px\" \/><\/p>\n<p>&nbsp;<\/p>\n<p><img loading=\"lazy\" decoding=\"async\" class=\"aligncenter size-full wp-image-4733\" src=\"https:\/\/agora.xtec.cat\/instarragona\/wp-content\/uploads\/usu484\/2023\/11\/Captura-6.png\" alt=\"\" width=\"668\" height=\"489\" srcset=\"https:\/\/agora.xtec.cat\/instarragona\/wp-content\/uploads\/usu484\/2023\/11\/Captura-6.png 668w, https:\/\/agora.xtec.cat\/instarragona\/wp-content\/uploads\/usu484\/2023\/11\/Captura-6-300x220.png 300w\" sizes=\"auto, (max-width: 668px) 100vw, 668px\" \/><\/p>\n<p>Moltes m\u00e9s fotos <a href=\"https:\/\/drive.google.com\/drive\/folders\/1NRrrzvmd-H_2Mrb_yMAg9rIKms4YwizK?usp=sharing\" target=\"_blank\" rel=\"noopener\"><strong>aqu\u00ed<\/strong> <\/a>mateix.<\/p>\n<p>&nbsp;<\/p>\n","protected":false},"excerpt":{"rendered":"<p>Sortida completa! Continuant les visites amb el batxillerat t\u00e8cnic, aquest cop hem intercalat la visita al Sincrotr\u00f3 Alba amb la del Centre de Visi\u00f3 de Computaci\u00f3.<br \/>\nEn aquest darrer, ens han explicat les principals aplicacions de la Intel\u00b7lig\u00e8ncia artificial. Tamb\u00e9 hem visitat l&#8217;Escola d&#8217;Enginyeria de la&hellip;  <a href=\"https:\/\/agora.xtec.cat\/instarragona\/batxillerat\/cvc-i-sincrotro-alba\/\" title=\"Read CVC i Sincrotr\u00f3 Alba\">Llegeix m\u00e9s\u00bb<\/a><\/p>\n","protected":false},"author":1,"featured_media":4731,"comment_status":"open","ping_status":"closed","sticky":false,"template":"","format":"standard","meta":{"_bbp_topic_count":0,"_bbp_reply_count":0,"_bbp_total_topic_count":0,"_bbp_total_reply_count":0,"_bbp_voice_count":0,"_bbp_anonymous_reply_count":0,"_bbp_topic_count_hidden":0,"_bbp_reply_count_hidden":0,"_bbp_forum_subforum_count":0,"footnotes":""},"categories":[8,29],"tags":[116,39,110],"class_list":["post-4730","post","type-post","status-publish","format-standard","has-post-thumbnail","hentry","category-batxillerat","category-portada","tag-ciencies","tag-sortides","tag-tecnologia"],"post_mailing_queue_ids":[],"_links":{"self":[{"href":"https:\/\/agora.xtec.cat\/instarragona\/wp-json\/wp\/v2\/posts\/4730","targetHints":{"allow":["GET"]}}],"collection":[{"href":"https:\/\/agora.xtec.cat\/instarragona\/wp-json\/wp\/v2\/posts"}],"about":[{"href":"https:\/\/agora.xtec.cat\/instarragona\/wp-json\/wp\/v2\/types\/post"}],"author":[{"embeddable":true,"href":"https:\/\/agora.xtec.cat\/instarragona\/wp-json\/wp\/v2\/users\/1"}],"replies":[{"embeddable":true,"href":"https:\/\/agora.xtec.cat\/instarragona\/wp-json\/wp\/v2\/comments?post=4730"}],"version-history":[{"count":1,"href":"https:\/\/agora.xtec.cat\/instarragona\/wp-json\/wp\/v2\/posts\/4730\/revisions"}],"predecessor-version":[{"id":4734,"href":"https:\/\/agora.xtec.cat\/instarragona\/wp-json\/wp\/v2\/posts\/4730\/revisions\/4734"}],"wp:featuredmedia":[{"embeddable":true,"href":"https:\/\/agora.xtec.cat\/instarragona\/wp-json\/wp\/v2\/media\/4731"}],"wp:attachment":[{"href":"https:\/\/agora.xtec.cat\/instarragona\/wp-json\/wp\/v2\/media?parent=4730"}],"wp:term":[{"taxonomy":"category","embeddable":true,"href":"https:\/\/agora.xtec.cat\/instarragona\/wp-json\/wp\/v2\/categories?post=4730"},{"taxonomy":"post_tag","embeddable":true,"href":"https:\/\/agora.xtec.cat\/instarragona\/wp-json\/wp\/v2\/tags?post=4730"}],"curies":[{"name":"wp","href":"https:\/\/api.w.org\/{rel}","templated":true}]}}