{"id":4711,"date":"2023-11-07T12:31:37","date_gmt":"2023-11-07T11:31:37","guid":{"rendered":"https:\/\/agora.xtec.cat\/instarragona\/?p=4711"},"modified":"2023-11-07T14:06:00","modified_gmt":"2023-11-07T13:06:00","slug":"don-quijote-lectura-teatro","status":"publish","type":"post","link":"https:\/\/agora.xtec.cat\/instarragona\/batxillerat\/don-quijote-lectura-teatro\/","title":{"rendered":"Don Quijote -> Lectura + Teatro"},"content":{"rendered":"<p>L&#8217;alumnat de 2n de Batxillerat des de Literatura castellana va assistir a la representaci\u00f3 de l&#8217;obra teatral &#8221; <span style=\"color: #008000;\"><strong>Don Quijote<\/strong><\/span>&#8221; de la companyia Transeduca a l&#8217;Auditori de la Diputaci\u00f3.\u00a0L&#8217;alumnat van valorar molt positivament aquesta activitat doncs la novel\u00b7la Don Quijote de la Mancha \u00e9s una de les lectures que han de treballar aquest curs. A m\u00e9s a m\u00e9s de gaudir de l&#8217;espectacle en van poder treure profit de cara a aprofundir amb l&#8217;estudi d&#8217;aquesta obra.<\/p>\n<p><img loading=\"lazy\" decoding=\"async\" class=\"aligncenter wp-image-4712\" src=\"https:\/\/agora.xtec.cat\/instarragona\/wp-content\/uploads\/usu484\/2023\/11\/Captura.jpg\" alt=\"\" width=\"618\" height=\"348\" srcset=\"https:\/\/agora.xtec.cat\/instarragona\/wp-content\/uploads\/usu484\/2023\/11\/Captura.jpg 1063w, https:\/\/agora.xtec.cat\/instarragona\/wp-content\/uploads\/usu484\/2023\/11\/Captura-300x169.jpg 300w, https:\/\/agora.xtec.cat\/instarragona\/wp-content\/uploads\/usu484\/2023\/11\/Captura-1024x577.jpg 1024w, https:\/\/agora.xtec.cat\/instarragona\/wp-content\/uploads\/usu484\/2023\/11\/Captura-768x433.jpg 768w\" sizes=\"auto, (max-width: 618px) 100vw, 618px\" \/><\/p>\n<p>&nbsp;<\/p>\n","protected":false},"excerpt":{"rendered":"<p>L&#8217;alumnat de 2n de Batxillerat des de Literatura castellana va assistir a la representaci\u00f3 de l&#8217;obra teatral &#8221; Don Quijote&#8221; de la companyia Transeduca a l&#8217;Auditori de la Diputaci\u00f3.\u00a0L&#8217;alumnat van valorar molt positivament aquesta activitat doncs la novel\u00b7la Don Quijote de la Mancha \u00e9s una&hellip;  <a href=\"https:\/\/agora.xtec.cat\/instarragona\/batxillerat\/don-quijote-lectura-teatro\/\" title=\"Read Don Quijote -> Lectura + Teatro&#8221;>Llegeix m\u00e9s\u00bb<\/a><\/p>\n","protected":false},"author":1,"featured_media":4713,"comment_status":"open","ping_status":"closed","sticky":false,"template":"","format":"standard","meta":{"_bbp_topic_count":0,"_bbp_reply_count":0,"_bbp_total_topic_count":0,"_bbp_total_reply_count":0,"_bbp_voice_count":0,"_bbp_anonymous_reply_count":0,"_bbp_topic_count_hidden":0,"_bbp_reply_count_hidden":0,"_bbp_forum_subforum_count":0,"footnotes":""},"categories":[8,29],"tags":[134,40],"class_list":["post-4711","post","type-post","status-publish","format-standard","has-post-thumbnail","hentry","category-batxillerat","category-portada","tag-castella","tag-teatre"],"post_mailing_queue_ids":[],"_links":{"self":[{"href":"https:\/\/agora.xtec.cat\/instarragona\/wp-json\/wp\/v2\/posts\/4711","targetHints":{"allow":["GET"]}}],"collection":[{"href":"https:\/\/agora.xtec.cat\/instarragona\/wp-json\/wp\/v2\/posts"}],"about":[{"href":"https:\/\/agora.xtec.cat\/instarragona\/wp-json\/wp\/v2\/types\/post"}],"author":[{"embeddable":true,"href":"https:\/\/agora.xtec.cat\/instarragona\/wp-json\/wp\/v2\/users\/1"}],"replies":[{"embeddable":true,"href":"https:\/\/agora.xtec.cat\/instarragona\/wp-json\/wp\/v2\/comments?post=4711"}],"version-history":[{"count":5,"href":"https:\/\/agora.xtec.cat\/instarragona\/wp-json\/wp\/v2\/posts\/4711\/revisions"}],"predecessor-version":[{"id":4718,"href":"https:\/\/agora.xtec.cat\/instarragona\/wp-json\/wp\/v2\/posts\/4711\/revisions\/4718"}],"wp:featuredmedia":[{"embeddable":true,"href":"https:\/\/agora.xtec.cat\/instarragona\/wp-json\/wp\/v2\/media\/4713"}],"wp:attachment":[{"href":"https:\/\/agora.xtec.cat\/instarragona\/wp-json\/wp\/v2\/media?parent=4711"}],"wp:term":[{"taxonomy":"category","embeddable":true,"href":"https:\/\/agora.xtec.cat\/instarragona\/wp-json\/wp\/v2\/categories?post=4711"},{"taxonomy":"post_tag","embeddable":true,"href":"https:\/\/agora.xtec.cat\/instarragona\/wp-json\/wp\/v2\/tags?post=4711"}],"curies":[{"name":"wp","href":"https:\/\/api.w.org\/{rel}","templated":true}]}}