{"id":4612,"date":"2023-10-16T11:59:32","date_gmt":"2023-10-16T09:59:32","guid":{"rendered":"https:\/\/agora.xtec.cat\/instarragona\/?p=4612"},"modified":"2023-10-16T11:59:32","modified_gmt":"2023-10-16T09:59:32","slug":"reimprimir-la-realitat","status":"publish","type":"post","link":"https:\/\/agora.xtec.cat\/instarragona\/eso\/eso-4\/reimprimir-la-realitat\/","title":{"rendered":"Reimprimir la realitat"},"content":{"rendered":"<p>Des de la mat\u00e8ria de Digitalitzaci\u00f3 de 4t d&#8217;ESO hem anat de <a href=\"https:\/\/drive.google.com\/drive\/folders\/11-oz8zEmKoCtlhLDEZEfTuWEVc5w_NFz?usp=sharing\" target=\"_blank\" rel=\"noopener\"><strong>visita al Caixa F\u00f3rum<\/strong><\/a>.\u00a0Hi ha una exposici\u00f3 sobre la impressi\u00f3 3D molt interessant. Us la recomanem!<\/p>\n<p>Hem vist que la impressi\u00f3 3D permet dissenyar mil i un objectes amb funcionalitats molt diverses. Aquesta eina pot afavorir la fabricaci\u00f3 local, adaptant-se a les necessitats m\u00e9s properes i estalviar en transport i emmagatzematge. La impressi\u00f3 3D ens permet recrear esp\u00e8cies extintes o rel\u00edquies arqueol\u00f2giques amb tota mena de detalls, potser aqu\u00ed a T\u00e0rraco ens en podem beneficiar, pot crear instrument. En el camps de la biomedicina \u00e9s una eina molt valuosa pel que fa a la fabricaci\u00f3 de pr\u00f2tesis i teixits.<\/p>\n<p>Tot aix\u00f2 ja \u00e9s ja \u00e9s una realitat. Qui sap si tindr\u00e0 molt a dir en futures missions espacials! Fins on ens portar\u00e0 la impressi\u00f3 3D? Fins a quin punt ens transformar\u00e0 el nostre dia a dia? Inc\u00f2gnites per descobrir \ud83d\ude0a.<\/p>\n<p><img loading=\"lazy\" decoding=\"async\" class=\"aligncenter size-full wp-image-4616\" src=\"https:\/\/agora.xtec.cat\/instarragona\/wp-content\/uploads\/usu484\/2023\/10\/Captura-5.jpg\" alt=\"\" width=\"1106\" height=\"835\" srcset=\"https:\/\/agora.xtec.cat\/instarragona\/wp-content\/uploads\/usu484\/2023\/10\/Captura-5.jpg 1106w, https:\/\/agora.xtec.cat\/instarragona\/wp-content\/uploads\/usu484\/2023\/10\/Captura-5-300x226.jpg 300w, https:\/\/agora.xtec.cat\/instarragona\/wp-content\/uploads\/usu484\/2023\/10\/Captura-5-1024x773.jpg 1024w, https:\/\/agora.xtec.cat\/instarragona\/wp-content\/uploads\/usu484\/2023\/10\/Captura-5-768x580.jpg 768w, https:\/\/agora.xtec.cat\/instarragona\/wp-content\/uploads\/usu484\/2023\/10\/Captura-5-200x150.jpg 200w\" sizes=\"auto, (max-width: 1106px) 100vw, 1106px\" \/><\/p>\n<p>&nbsp;<\/p>\n<p>&nbsp;<\/p>\n<p><img loading=\"lazy\" decoding=\"async\" class=\"aligncenter size-full wp-image-4617\" src=\"https:\/\/agora.xtec.cat\/instarragona\/wp-content\/uploads\/usu484\/2023\/10\/2-1.jpg\" alt=\"\" width=\"1097\" height=\"819\" srcset=\"https:\/\/agora.xtec.cat\/instarragona\/wp-content\/uploads\/usu484\/2023\/10\/2-1.jpg 1097w, https:\/\/agora.xtec.cat\/instarragona\/wp-content\/uploads\/usu484\/2023\/10\/2-1-300x224.jpg 300w, https:\/\/agora.xtec.cat\/instarragona\/wp-content\/uploads\/usu484\/2023\/10\/2-1-1024x764.jpg 1024w, https:\/\/agora.xtec.cat\/instarragona\/wp-content\/uploads\/usu484\/2023\/10\/2-1-768x573.jpg 768w, https:\/\/agora.xtec.cat\/instarragona\/wp-content\/uploads\/usu484\/2023\/10\/2-1-200x150.jpg 200w\" sizes=\"auto, (max-width: 1097px) 100vw, 1097px\" \/><\/p>\n","protected":false},"excerpt":{"rendered":"<p>Des de la mat\u00e8ria de Digitalitzaci\u00f3 de 4t d&#8217;ESO hem anat de <a href=\"https:\/\/drive.google.com\/drive\/folders\/11-oz8zEmKoCtlhLDEZEfTuWEVc5w_NFz?usp=sharing\" target=\"_blank\" rel=\"noopener\">visita al Caixa F\u00f3rum<\/a>.\u00a0Hi ha una exposici\u00f3 sobre la impressi\u00f3 3D molt interessant. Us la recomanem!<br \/>\nHem vist que la impressi\u00f3 3D permet dissenyar mil i un objectes amb funcionalitats molt&hellip;  <a href=\"https:\/\/agora.xtec.cat\/instarragona\/eso\/eso-4\/reimprimir-la-realitat\/\" title=\"Read Reimprimir la realitat\">Llegeix m\u00e9s\u00bb<\/a><\/p>\n","protected":false},"author":1,"featured_media":4618,"comment_status":"open","ping_status":"closed","sticky":false,"template":"","format":"standard","meta":{"_bbp_topic_count":0,"_bbp_reply_count":0,"_bbp_total_topic_count":0,"_bbp_total_reply_count":0,"_bbp_voice_count":0,"_bbp_anonymous_reply_count":0,"_bbp_topic_count_hidden":0,"_bbp_reply_count_hidden":0,"_bbp_forum_subforum_count":0,"footnotes":""},"categories":[7,29],"tags":[39,110],"class_list":["post-4612","post","type-post","status-publish","format-standard","has-post-thumbnail","hentry","category-eso-4","category-portada","tag-sortides","tag-tecnologia"],"post_mailing_queue_ids":[],"_links":{"self":[{"href":"https:\/\/agora.xtec.cat\/instarragona\/wp-json\/wp\/v2\/posts\/4612","targetHints":{"allow":["GET"]}}],"collection":[{"href":"https:\/\/agora.xtec.cat\/instarragona\/wp-json\/wp\/v2\/posts"}],"about":[{"href":"https:\/\/agora.xtec.cat\/instarragona\/wp-json\/wp\/v2\/types\/post"}],"author":[{"embeddable":true,"href":"https:\/\/agora.xtec.cat\/instarragona\/wp-json\/wp\/v2\/users\/1"}],"replies":[{"embeddable":true,"href":"https:\/\/agora.xtec.cat\/instarragona\/wp-json\/wp\/v2\/comments?post=4612"}],"version-history":[{"count":3,"href":"https:\/\/agora.xtec.cat\/instarragona\/wp-json\/wp\/v2\/posts\/4612\/revisions"}],"predecessor-version":[{"id":4619,"href":"https:\/\/agora.xtec.cat\/instarragona\/wp-json\/wp\/v2\/posts\/4612\/revisions\/4619"}],"wp:featuredmedia":[{"embeddable":true,"href":"https:\/\/agora.xtec.cat\/instarragona\/wp-json\/wp\/v2\/media\/4618"}],"wp:attachment":[{"href":"https:\/\/agora.xtec.cat\/instarragona\/wp-json\/wp\/v2\/media?parent=4612"}],"wp:term":[{"taxonomy":"category","embeddable":true,"href":"https:\/\/agora.xtec.cat\/instarragona\/wp-json\/wp\/v2\/categories?post=4612"},{"taxonomy":"post_tag","embeddable":true,"href":"https:\/\/agora.xtec.cat\/instarragona\/wp-json\/wp\/v2\/tags?post=4612"}],"curies":[{"name":"wp","href":"https:\/\/api.w.org\/{rel}","templated":true}]}}