{"id":4605,"date":"2023-10-11T12:23:17","date_gmt":"2023-10-11T10:23:17","guid":{"rendered":"https:\/\/agora.xtec.cat\/instarragona\/?p=4605"},"modified":"2023-10-11T12:23:17","modified_gmt":"2023-10-11T10:23:17","slug":"sincrotro-alba-microelectronica-al-csic","status":"publish","type":"post","link":"https:\/\/agora.xtec.cat\/instarragona\/batxillerat\/sincrotro-alba-microelectronica-al-csic\/","title":{"rendered":"Sincrotr\u00f3 Alba + Microelectr\u00f2nica al CSIC"},"content":{"rendered":"<p>Aquests dies hem engegat un seguit de visites t\u00e8cniques al batxillerat.<\/p>\n<p>Poder visitar el Sincrotr\u00f3 Alba no \u00e9s gens f\u00e0cil. Hi ha molt poques places disponibles i les hem aconseguit. Quina sort! Veure la complexitat de la instal\u00b7laci\u00f3 i constatar quines s\u00f3n les seves utilitats ha estat tota una experi\u00e8ncia.<\/p>\n<p>La visita a l&#8217;institut de microelectr\u00f2nica del CSIC ha estat interessant per veure com funciona el proc\u00e9s de disseny i fabricaci\u00f3 dels xips, tan i tan necessaris en la societat tecnol\u00f2gica actual. No ha estat f\u00e0cil entendre-ho b\u00e9, la microelectr\u00f2nica \u00e9s un camp molt i molt espec\u00edfic. Descobrir-la ha estat una gran oportunitat.<\/p>\n<p><img loading=\"lazy\" decoding=\"async\" class=\"aligncenter size-full wp-image-4608\" src=\"https:\/\/agora.xtec.cat\/instarragona\/wp-content\/uploads\/usu484\/2023\/10\/Captura.png\" alt=\"\" width=\"680\" height=\"499\" srcset=\"https:\/\/agora.xtec.cat\/instarragona\/wp-content\/uploads\/usu484\/2023\/10\/Captura.png 680w, https:\/\/agora.xtec.cat\/instarragona\/wp-content\/uploads\/usu484\/2023\/10\/Captura-300x220.png 300w\" sizes=\"auto, (max-width: 680px) 100vw, 680px\" \/><\/p>\n<p>&nbsp;<\/p>\n<p><img loading=\"lazy\" decoding=\"async\" class=\"aligncenter size-full wp-image-4609\" src=\"https:\/\/agora.xtec.cat\/instarragona\/wp-content\/uploads\/usu484\/2023\/10\/Captura2.png\" alt=\"\" width=\"359\" height=\"506\" srcset=\"https:\/\/agora.xtec.cat\/instarragona\/wp-content\/uploads\/usu484\/2023\/10\/Captura2.png 359w, https:\/\/agora.xtec.cat\/instarragona\/wp-content\/uploads\/usu484\/2023\/10\/Captura2-213x300.png 213w\" sizes=\"auto, (max-width: 359px) 100vw, 359px\" \/><\/p>\n<p>M\u00e9s fotos <strong><a href=\"https:\/\/drive.google.com\/drive\/folders\/1-2LDUooLxbRgmu_qNS4h3YwYKPY6z0v4?usp=sharing\" target=\"_blank\" rel=\"noopener\">aqu\u00ed<\/a><\/strong> mateix.<\/p>\n","protected":false},"excerpt":{"rendered":"<p>Aquests dies hem engegat un seguit de visites t\u00e8cniques al batxillerat.<br \/>\nPoder visitar el Sincrotr\u00f3 Alba no \u00e9s gens f\u00e0cil. Hi ha molt poques places disponibles i les hem aconseguit. Quina sort! Veure la complexitat de la instal\u00b7laci\u00f3 i constatar quines s\u00f3n les seves utilitats ha&hellip;  <a href=\"https:\/\/agora.xtec.cat\/instarragona\/batxillerat\/sincrotro-alba-microelectronica-al-csic\/\" title=\"Read Sincrotr\u00f3 Alba + Microelectr\u00f2nica al CSIC\">Llegeix m\u00e9s\u00bb<\/a><\/p>\n","protected":false},"author":1,"featured_media":4610,"comment_status":"open","ping_status":"closed","sticky":false,"template":"","format":"standard","meta":{"_bbp_topic_count":0,"_bbp_reply_count":0,"_bbp_total_topic_count":0,"_bbp_total_reply_count":0,"_bbp_voice_count":0,"_bbp_anonymous_reply_count":0,"_bbp_topic_count_hidden":0,"_bbp_reply_count_hidden":0,"_bbp_forum_subforum_count":0,"footnotes":""},"categories":[8,29],"tags":[116,39,110],"class_list":["post-4605","post","type-post","status-publish","format-standard","has-post-thumbnail","hentry","category-batxillerat","category-portada","tag-ciencies","tag-sortides","tag-tecnologia"],"post_mailing_queue_ids":[],"_links":{"self":[{"href":"https:\/\/agora.xtec.cat\/instarragona\/wp-json\/wp\/v2\/posts\/4605","targetHints":{"allow":["GET"]}}],"collection":[{"href":"https:\/\/agora.xtec.cat\/instarragona\/wp-json\/wp\/v2\/posts"}],"about":[{"href":"https:\/\/agora.xtec.cat\/instarragona\/wp-json\/wp\/v2\/types\/post"}],"author":[{"embeddable":true,"href":"https:\/\/agora.xtec.cat\/instarragona\/wp-json\/wp\/v2\/users\/1"}],"replies":[{"embeddable":true,"href":"https:\/\/agora.xtec.cat\/instarragona\/wp-json\/wp\/v2\/comments?post=4605"}],"version-history":[{"count":3,"href":"https:\/\/agora.xtec.cat\/instarragona\/wp-json\/wp\/v2\/posts\/4605\/revisions"}],"predecessor-version":[{"id":4611,"href":"https:\/\/agora.xtec.cat\/instarragona\/wp-json\/wp\/v2\/posts\/4605\/revisions\/4611"}],"wp:featuredmedia":[{"embeddable":true,"href":"https:\/\/agora.xtec.cat\/instarragona\/wp-json\/wp\/v2\/media\/4610"}],"wp:attachment":[{"href":"https:\/\/agora.xtec.cat\/instarragona\/wp-json\/wp\/v2\/media?parent=4605"}],"wp:term":[{"taxonomy":"category","embeddable":true,"href":"https:\/\/agora.xtec.cat\/instarragona\/wp-json\/wp\/v2\/categories?post=4605"},{"taxonomy":"post_tag","embeddable":true,"href":"https:\/\/agora.xtec.cat\/instarragona\/wp-json\/wp\/v2\/tags?post=4605"}],"curies":[{"name":"wp","href":"https:\/\/api.w.org\/{rel}","templated":true}]}}