{"id":4595,"date":"2023-10-10T08:37:32","date_gmt":"2023-10-10T06:37:32","guid":{"rendered":"https:\/\/agora.xtec.cat\/instarragona\/?p=4595"},"modified":"2024-06-19T12:21:14","modified_gmt":"2024-06-19T10:21:14","slug":"la-qualitat-de-laire-a-tourcoing-es-diferent-a-tarragona","status":"publish","type":"post","link":"https:\/\/agora.xtec.cat\/instarragona\/eso\/eso-3\/la-qualitat-de-laire-a-tourcoing-es-diferent-a-tarragona\/","title":{"rendered":"La qualitat de l&#8217;aire a Tourcoing \u00e9s diferent a Tarragona?"},"content":{"rendered":"<div class=\"aju\">\n<p class=\"aCi\">Tourcoing \u00e9s una poblaci\u00f3 peculiar. En el passat ha estat una ciutat altament industrialitzada, sobretot en el sector t\u00e8xtil. Aquest fet, a banda de promoure un alt nivell econ\u00f2mic a la regi\u00f3, tamb\u00e9 va provocar greus problemes de salut a la seva gent, b\u00e0sicament per la contaminaci\u00f3 de l&#8217;aire i de l&#8217;aigua.<\/p>\n<\/div>\n<p class=\"adn ads\" data-message-id=\"#msg-a:r-9021000533236607727\" data-legacy-message-id=\"18b183e5a862193b\">\u00c9s aqu\u00ed on hem anat de visita amb el Projecte Erasmus+ d'&#8221;Air Quality&#8221;.<\/p>\n<div class=\"\">\n<div id=\":m7\" class=\"ii gt\">\n<div id=\":m6\" class=\"a3s aiL \">\n<div dir=\"auto\">\n<div dir=\"auto\">Val a dir que, despr\u00e9s del proc\u00e9s de desindustrialitzaci\u00f3 que ha patit, la ciutat de Tourcoing s&#8217;ha hagut de reinventar .<\/div>\n<div dir=\"auto\"><\/div>\n<p dir=\"auto\">Hem visitat el parc de Ecoquartier de Tourcoing on ens van explicar el projecte de reconversi\u00f3 de l&#8217;\u00e0rea m\u00e9s afectada i tamb\u00e9 l&#8217;arxiu hist\u00f2ric, que ens ha perm\u00e8s tamb\u00e9 entendre els canvis socials i constructius al llarg de la hist\u00f2ria. Hem realitzat les mesures de CO2, temperatura, humitat&#8230; hem analitzat la pres\u00e8ncia de certs bioindicadors com ara els liquens. A m\u00e9s a m\u00e9s hem comparat la flota de cotxes entre Tarragona i Tourcoing, segons les etiquetes ecol\u00f2giques que disposen els vehicles. Hem visitat diferents laboratoris de la universitat de Dunkerque&#8230;<\/p>\n<p dir=\"auto\">La setmana ha estat fant\u00e0stica. Volem agrair la s\u00faper coordinaci\u00f3 de l&#8217;escola d&#8217;acollida de l&#8217;Ille, el Sacr\u00e9 Coeur, per l&#8217;organitzaci\u00f3, per totes les activitats realitzades, per les fam\u00edlies d&#8217;acolllida, als alumnes participants&#8230; Gr\u00e0cies!<\/p>\n<p dir=\"auto\">Aqu\u00ed teniu les <a href=\"https:\/\/drive.google.com\/drive\/folders\/1Wf91uypJyWHV0tkndEBl6gwCn7OzqdIC?usp=sharing\" target=\"_blank\" rel=\"noopener\"><strong>imatges<\/strong><\/a>.<\/p>\n<\/div>\n<\/div>\n<p dir=\"auto\"><img loading=\"lazy\" decoding=\"async\" class=\"aligncenter size-full wp-image-4600\" src=\"https:\/\/agora.xtec.cat\/instarragona\/wp-content\/uploads\/usu484\/2023\/10\/Captura-de-pantalla-2023-10-10-083515.jpg\" alt=\"\" width=\"859\" height=\"643\" srcset=\"https:\/\/agora.xtec.cat\/instarragona\/wp-content\/uploads\/usu484\/2023\/10\/Captura-de-pantalla-2023-10-10-083515.jpg 859w, https:\/\/agora.xtec.cat\/instarragona\/wp-content\/uploads\/usu484\/2023\/10\/Captura-de-pantalla-2023-10-10-083515-300x225.jpg 300w, https:\/\/agora.xtec.cat\/instarragona\/wp-content\/uploads\/usu484\/2023\/10\/Captura-de-pantalla-2023-10-10-083515-768x575.jpg 768w, https:\/\/agora.xtec.cat\/instarragona\/wp-content\/uploads\/usu484\/2023\/10\/Captura-de-pantalla-2023-10-10-083515-200x150.jpg 200w\" sizes=\"auto, (max-width: 859px) 100vw, 859px\" \/><\/p>\n<div dir=\"auto\"><\/div>\n<div id=\":m6\" class=\"a3s aiL \">\n<div dir=\"auto\">\n<div dir=\"auto\"><\/div>\n<div dir=\"auto\"><img loading=\"lazy\" decoding=\"async\" class=\"aligncenter size-full wp-image-4597\" src=\"https:\/\/agora.xtec.cat\/instarragona\/wp-content\/uploads\/usu484\/2023\/10\/Captura-de-pantalla-2023-10-10-083401.jpg\" alt=\"\" width=\"787\" height=\"514\" srcset=\"https:\/\/agora.xtec.cat\/instarragona\/wp-content\/uploads\/usu484\/2023\/10\/Captura-de-pantalla-2023-10-10-083401.jpg 787w, https:\/\/agora.xtec.cat\/instarragona\/wp-content\/uploads\/usu484\/2023\/10\/Captura-de-pantalla-2023-10-10-083401-300x196.jpg 300w, https:\/\/agora.xtec.cat\/instarragona\/wp-content\/uploads\/usu484\/2023\/10\/Captura-de-pantalla-2023-10-10-083401-768x502.jpg 768w\" sizes=\"auto, (max-width: 787px) 100vw, 787px\" \/><\/div>\n<\/div>\n<\/div>\n<\/div>\n<\/div>\n<p><img loading=\"lazy\" decoding=\"async\" class=\"aligncenter size-full wp-image-3391\" src=\"https:\/\/agora.xtec.cat\/instarragona\/wp-content\/uploads\/usu484\/2022\/06\/baixa.png\" alt=\"\" width=\"481\" height=\"105\" srcset=\"https:\/\/agora.xtec.cat\/instarragona\/wp-content\/uploads\/usu484\/2022\/06\/baixa.png 481w, https:\/\/agora.xtec.cat\/instarragona\/wp-content\/uploads\/usu484\/2022\/06\/baixa-300x65.png 300w\" sizes=\"auto, (max-width: 481px) 100vw, 481px\" \/><\/p>\n","protected":false},"excerpt":{"rendered":"<p>Tourcoing \u00e9s una poblaci\u00f3 peculiar. En el passat ha estat una ciutat altament industrialitzada, sobretot en el sector t\u00e8xtil. Aquest fet, a banda de promoure un alt nivell econ\u00f2mic a la regi\u00f3, tamb\u00e9 va provocar greus problemes de salut a la seva gent, b\u00e0sicament per&hellip;  <a href=\"https:\/\/agora.xtec.cat\/instarragona\/eso\/eso-3\/la-qualitat-de-laire-a-tourcoing-es-diferent-a-tarragona\/\" title=\"Read La qualitat de l&#8217;aire a Tourcoing \u00e9s diferent a Tarragona?\">Llegeix m\u00e9s\u00bb<\/a><\/p>\n","protected":false},"author":1,"featured_media":4601,"comment_status":"open","ping_status":"closed","sticky":false,"template":"","format":"standard","meta":{"_bbp_topic_count":0,"_bbp_reply_count":0,"_bbp_total_topic_count":0,"_bbp_total_reply_count":0,"_bbp_voice_count":0,"_bbp_anonymous_reply_count":0,"_bbp_topic_count_hidden":0,"_bbp_reply_count_hidden":0,"_bbp_forum_subforum_count":0,"footnotes":""},"categories":[6,7,29],"tags":[145,101],"class_list":["post-4595","post","type-post","status-publish","format-standard","has-post-thumbnail","hentry","category-eso-3","category-eso-4","category-portada","tag-erasmus-acretitation","tag-erasmus"],"post_mailing_queue_ids":[],"_links":{"self":[{"href":"https:\/\/agora.xtec.cat\/instarragona\/wp-json\/wp\/v2\/posts\/4595","targetHints":{"allow":["GET"]}}],"collection":[{"href":"https:\/\/agora.xtec.cat\/instarragona\/wp-json\/wp\/v2\/posts"}],"about":[{"href":"https:\/\/agora.xtec.cat\/instarragona\/wp-json\/wp\/v2\/types\/post"}],"author":[{"embeddable":true,"href":"https:\/\/agora.xtec.cat\/instarragona\/wp-json\/wp\/v2\/users\/1"}],"replies":[{"embeddable":true,"href":"https:\/\/agora.xtec.cat\/instarragona\/wp-json\/wp\/v2\/comments?post=4595"}],"version-history":[{"count":6,"href":"https:\/\/agora.xtec.cat\/instarragona\/wp-json\/wp\/v2\/posts\/4595\/revisions"}],"predecessor-version":[{"id":5373,"href":"https:\/\/agora.xtec.cat\/instarragona\/wp-json\/wp\/v2\/posts\/4595\/revisions\/5373"}],"wp:featuredmedia":[{"embeddable":true,"href":"https:\/\/agora.xtec.cat\/instarragona\/wp-json\/wp\/v2\/media\/4601"}],"wp:attachment":[{"href":"https:\/\/agora.xtec.cat\/instarragona\/wp-json\/wp\/v2\/media?parent=4595"}],"wp:term":[{"taxonomy":"category","embeddable":true,"href":"https:\/\/agora.xtec.cat\/instarragona\/wp-json\/wp\/v2\/categories?post=4595"},{"taxonomy":"post_tag","embeddable":true,"href":"https:\/\/agora.xtec.cat\/instarragona\/wp-json\/wp\/v2\/tags?post=4595"}],"curies":[{"name":"wp","href":"https:\/\/api.w.org\/{rel}","templated":true}]}}