{"id":4585,"date":"2023-10-05T09:56:17","date_gmt":"2023-10-05T07:56:17","guid":{"rendered":"https:\/\/agora.xtec.cat\/instarragona\/?p=4585"},"modified":"2023-10-05T09:57:27","modified_gmt":"2023-10-05T07:57:27","slug":"max-in-love","status":"publish","type":"post","link":"https:\/\/agora.xtec.cat\/instarragona\/eso\/eso-4\/max-in-love\/","title":{"rendered":"Max in love"},"content":{"rendered":"<p>We&#8217;re in love with Max! I \u00e9s que \u00e9s veritat, aquesta obra de teatre ens t\u00e9 totalment enamorats.<\/p>\n<p>\u00c9s un plaer repetir l&#8217;experi\u00e8ncia amb <strong><a href=\"https:\/\/drive.google.com\/drive\/folders\/1-CtAKADLHKfiTj24hVSJ8dez6vdIKpd5?usp=drive_link\" target=\"_blank\" rel=\"noopener\">l&#8217;alumnat<\/a><\/strong> de 4t. Adults i joves ens ho passem molt i molt b\u00e9. La caracteritzaci\u00f3 dels personatges \u00e9s genial, oi? \u00c9s tan f\u00e0cil reconeixe&#8217;ns en ells, identificar a un company o companya&#8230;<\/p>\n<p>En aquesta obra de teatre organitzada per l&#8217;Ajuntament de Tarragona tot hi t\u00e9 cabuda. La sexualitat, l\u2019afectivitat, les difer\u00e8ncies culturals, la igualtat de g\u00e8nere, els valors personals davant de la presa de decisions, la perspectiva cr\u00edtica&#8230; Max in Love genera reflexi\u00f3, rialles, autocr\u00edtica, informaci\u00f3 i debat.<\/p>\n<p>Hi tornarem!<\/p>\n<p><img loading=\"lazy\" decoding=\"async\" class=\"aligncenter size-full wp-image-4586\" src=\"https:\/\/agora.xtec.cat\/instarragona\/wp-content\/uploads\/usu484\/2023\/10\/Captura-1.jpg\" alt=\"\" width=\"986\" height=\"564\" srcset=\"https:\/\/agora.xtec.cat\/instarragona\/wp-content\/uploads\/usu484\/2023\/10\/Captura-1.jpg 986w, https:\/\/agora.xtec.cat\/instarragona\/wp-content\/uploads\/usu484\/2023\/10\/Captura-1-300x172.jpg 300w, https:\/\/agora.xtec.cat\/instarragona\/wp-content\/uploads\/usu484\/2023\/10\/Captura-1-768x439.jpg 768w\" sizes=\"auto, (max-width: 986px) 100vw, 986px\" \/><\/p>\n<p>&nbsp;<\/p>\n<p>&nbsp;<\/p>\n","protected":false},"excerpt":{"rendered":"<p>We&#8217;re in love with Max! I \u00e9s que \u00e9s veritat, aquesta obra de teatre ens t\u00e9 totalment enamorats.<br \/>\n\u00c9s un plaer repetir l&#8217;experi\u00e8ncia amb <a href=\"https:\/\/drive.google.com\/drive\/folders\/1-CtAKADLHKfiTj24hVSJ8dez6vdIKpd5?usp=drive_link\" target=\"_blank\" rel=\"noopener\">l&#8217;alumnat<\/a> de 4t. Adults i joves ens ho passem molt i molt b\u00e9. La caracteritzaci\u00f3 dels personatges \u00e9s genial,&hellip;  <a href=\"https:\/\/agora.xtec.cat\/instarragona\/eso\/eso-4\/max-in-love\/\" title=\"Read Max in love\">Llegeix m\u00e9s\u00bb<\/a><\/p>\n","protected":false},"author":1,"featured_media":4588,"comment_status":"open","ping_status":"closed","sticky":false,"template":"","format":"standard","meta":{"_bbp_topic_count":0,"_bbp_reply_count":0,"_bbp_total_topic_count":0,"_bbp_total_reply_count":0,"_bbp_voice_count":0,"_bbp_anonymous_reply_count":0,"_bbp_topic_count_hidden":0,"_bbp_reply_count_hidden":0,"_bbp_forum_subforum_count":0,"footnotes":""},"categories":[7,29],"tags":[40],"class_list":["post-4585","post","type-post","status-publish","format-standard","has-post-thumbnail","hentry","category-eso-4","category-portada","tag-teatre"],"post_mailing_queue_ids":[],"_links":{"self":[{"href":"https:\/\/agora.xtec.cat\/instarragona\/wp-json\/wp\/v2\/posts\/4585","targetHints":{"allow":["GET"]}}],"collection":[{"href":"https:\/\/agora.xtec.cat\/instarragona\/wp-json\/wp\/v2\/posts"}],"about":[{"href":"https:\/\/agora.xtec.cat\/instarragona\/wp-json\/wp\/v2\/types\/post"}],"author":[{"embeddable":true,"href":"https:\/\/agora.xtec.cat\/instarragona\/wp-json\/wp\/v2\/users\/1"}],"replies":[{"embeddable":true,"href":"https:\/\/agora.xtec.cat\/instarragona\/wp-json\/wp\/v2\/comments?post=4585"}],"version-history":[{"count":1,"href":"https:\/\/agora.xtec.cat\/instarragona\/wp-json\/wp\/v2\/posts\/4585\/revisions"}],"predecessor-version":[{"id":4587,"href":"https:\/\/agora.xtec.cat\/instarragona\/wp-json\/wp\/v2\/posts\/4585\/revisions\/4587"}],"wp:featuredmedia":[{"embeddable":true,"href":"https:\/\/agora.xtec.cat\/instarragona\/wp-json\/wp\/v2\/media\/4588"}],"wp:attachment":[{"href":"https:\/\/agora.xtec.cat\/instarragona\/wp-json\/wp\/v2\/media?parent=4585"}],"wp:term":[{"taxonomy":"category","embeddable":true,"href":"https:\/\/agora.xtec.cat\/instarragona\/wp-json\/wp\/v2\/categories?post=4585"},{"taxonomy":"post_tag","embeddable":true,"href":"https:\/\/agora.xtec.cat\/instarragona\/wp-json\/wp\/v2\/tags?post=4585"}],"curies":[{"name":"wp","href":"https:\/\/api.w.org\/{rel}","templated":true}]}}