{"id":4581,"date":"2023-10-05T10:04:50","date_gmt":"2023-10-05T08:04:50","guid":{"rendered":"https:\/\/agora.xtec.cat\/instarragona\/?p=4581"},"modified":"2023-10-05T10:04:50","modified_gmt":"2023-10-05T08:04:50","slug":"1r-de-batxillerat-marxa-al-nautic","status":"publish","type":"post","link":"https:\/\/agora.xtec.cat\/instarragona\/batxillerat\/1r-de-batxillerat-marxa-al-nautic\/","title":{"rendered":"1r de Batxillerat marxa al N\u00e0utic"},"content":{"rendered":"<p><strong>&#8220;El Batxillerat no \u00e9s l&#8217;ESO&#8221;.\u00a0<\/strong>T\u00edpica frase que tots plegats hem sentit milers de vegades, oi?<\/p>\n<p>Doncs b\u00e9, entre hores d&#8217;estudi, molt d&#8217;esfor\u00e7 i ex\u00e0mens, la mat\u00e8ria d&#8217;educaci\u00f3 f\u00edsica ens permet sortir de quan en quan de la rutina i gaudir d&#8217;activitats l\u00fadiques a l&#8217;aire lliure. Aquesta setmana ha tocat anar al Club N\u00e0utic de Tarragona i ha estat fant\u00e0stic per desconnectar una mica.<\/p>\n<p><img loading=\"lazy\" decoding=\"async\" class=\"aligncenter  wp-image-4591\" src=\"https:\/\/agora.xtec.cat\/instarragona\/wp-content\/uploads\/usu484\/2023\/10\/2.jpg\" alt=\"\" width=\"959\" height=\"646\" srcset=\"https:\/\/agora.xtec.cat\/instarragona\/wp-content\/uploads\/usu484\/2023\/10\/2.jpg 1012w, https:\/\/agora.xtec.cat\/instarragona\/wp-content\/uploads\/usu484\/2023\/10\/2-300x202.jpg 300w, https:\/\/agora.xtec.cat\/instarragona\/wp-content\/uploads\/usu484\/2023\/10\/2-768x518.jpg 768w\" sizes=\"auto, (max-width: 959px) 100vw, 959px\" \/><\/p>\n<p>&nbsp;<\/p>\n<p><img loading=\"lazy\" decoding=\"async\" class=\"aligncenter size-full wp-image-4592\" src=\"https:\/\/agora.xtec.cat\/instarragona\/wp-content\/uploads\/usu484\/2023\/10\/Captura-4.jpg\" alt=\"\" width=\"962\" height=\"630\" srcset=\"https:\/\/agora.xtec.cat\/instarragona\/wp-content\/uploads\/usu484\/2023\/10\/Captura-4.jpg 962w, https:\/\/agora.xtec.cat\/instarragona\/wp-content\/uploads\/usu484\/2023\/10\/Captura-4-300x196.jpg 300w, https:\/\/agora.xtec.cat\/instarragona\/wp-content\/uploads\/usu484\/2023\/10\/Captura-4-768x503.jpg 768w\" sizes=\"auto, (max-width: 962px) 100vw, 962px\" \/><\/p>\n<p>&nbsp;<\/p>\n<p><img loading=\"lazy\" decoding=\"async\" class=\"aligncenter size-full wp-image-4590\" src=\"https:\/\/agora.xtec.cat\/instarragona\/wp-content\/uploads\/usu484\/2023\/10\/Captura-3.jpg\" alt=\"\" width=\"966\" height=\"742\" srcset=\"https:\/\/agora.xtec.cat\/instarragona\/wp-content\/uploads\/usu484\/2023\/10\/Captura-3.jpg 966w, https:\/\/agora.xtec.cat\/instarragona\/wp-content\/uploads\/usu484\/2023\/10\/Captura-3-300x230.jpg 300w, https:\/\/agora.xtec.cat\/instarragona\/wp-content\/uploads\/usu484\/2023\/10\/Captura-3-768x590.jpg 768w\" sizes=\"auto, (max-width: 966px) 100vw, 966px\" \/><\/p>\n<p>.<\/p>\n","protected":false},"excerpt":{"rendered":"<p>&#8220;El Batxillerat no \u00e9s l&#8217;ESO&#8221;.\u00a0T\u00edpica frase que tots plegats hem sentit milers de vegades, oi?<br \/>\nDoncs b\u00e9, entre hores d&#8217;estudi, molt d&#8217;esfor\u00e7 i ex\u00e0mens, la mat\u00e8ria d&#8217;educaci\u00f3 f\u00edsica ens permet sortir de quan en quan de la rutina i gaudir d&#8217;activitats l\u00fadiques a l&#8217;aire lliure. Aquesta&hellip;  <a href=\"https:\/\/agora.xtec.cat\/instarragona\/batxillerat\/1r-de-batxillerat-marxa-al-nautic\/\" title=\"Read 1r de Batxillerat marxa al N\u00e0utic\">Llegeix m\u00e9s\u00bb<\/a><\/p>\n","protected":false},"author":1,"featured_media":4590,"comment_status":"open","ping_status":"closed","sticky":false,"template":"","format":"standard","meta":{"_bbp_topic_count":0,"_bbp_reply_count":0,"_bbp_total_topic_count":0,"_bbp_total_reply_count":0,"_bbp_voice_count":0,"_bbp_anonymous_reply_count":0,"_bbp_topic_count_hidden":0,"_bbp_reply_count_hidden":0,"_bbp_forum_subforum_count":0,"footnotes":""},"categories":[8,29],"tags":[138,39],"class_list":["post-4581","post","type-post","status-publish","format-standard","has-post-thumbnail","hentry","category-batxillerat","category-portada","tag-ef","tag-sortides"],"post_mailing_queue_ids":[],"_links":{"self":[{"href":"https:\/\/agora.xtec.cat\/instarragona\/wp-json\/wp\/v2\/posts\/4581","targetHints":{"allow":["GET"]}}],"collection":[{"href":"https:\/\/agora.xtec.cat\/instarragona\/wp-json\/wp\/v2\/posts"}],"about":[{"href":"https:\/\/agora.xtec.cat\/instarragona\/wp-json\/wp\/v2\/types\/post"}],"author":[{"embeddable":true,"href":"https:\/\/agora.xtec.cat\/instarragona\/wp-json\/wp\/v2\/users\/1"}],"replies":[{"embeddable":true,"href":"https:\/\/agora.xtec.cat\/instarragona\/wp-json\/wp\/v2\/comments?post=4581"}],"version-history":[{"count":3,"href":"https:\/\/agora.xtec.cat\/instarragona\/wp-json\/wp\/v2\/posts\/4581\/revisions"}],"predecessor-version":[{"id":4593,"href":"https:\/\/agora.xtec.cat\/instarragona\/wp-json\/wp\/v2\/posts\/4581\/revisions\/4593"}],"wp:featuredmedia":[{"embeddable":true,"href":"https:\/\/agora.xtec.cat\/instarragona\/wp-json\/wp\/v2\/media\/4590"}],"wp:attachment":[{"href":"https:\/\/agora.xtec.cat\/instarragona\/wp-json\/wp\/v2\/media?parent=4581"}],"wp:term":[{"taxonomy":"category","embeddable":true,"href":"https:\/\/agora.xtec.cat\/instarragona\/wp-json\/wp\/v2\/categories?post=4581"},{"taxonomy":"post_tag","embeddable":true,"href":"https:\/\/agora.xtec.cat\/instarragona\/wp-json\/wp\/v2\/tags?post=4581"}],"curies":[{"name":"wp","href":"https:\/\/api.w.org\/{rel}","templated":true}]}}